{"id":54718,"date":"2019-05-16T13:42:46","date_gmt":"2019-05-16T11:42:46","guid":{"rendered":"https:\/\/cla.unipv.it\/?p=54718"},"modified":"2019-05-16T13:42:46","modified_gmt":"2019-05-16T11:42:46","slug":"54718","status":"publish","type":"post","link":"https:\/\/cla.unipv.it\/?p=54718","title":{"rendered":""},"content":{"rendered":"<h3>AVVISO Dott.ssa I. Averina<\/h3>\n<p>DIPARTIMENTO DI STUDI UMANISTICI<br \/>\nCorso di Laurea in Lingue e Culture Moderne<br \/>\nAttivit\u00e0 CEL di <b> LINGUA RUSSA 1 e 3 <\/b><br \/>\n2\u00b0 semestre <\/p>\n<p>Si avvisano gli studenti che l&#8217;attivit\u00e0 didattica integrativa in aula <\/p>\n<p>di venerd\u00ec 17 maggio 2019 (Russo 3 e Russo 1 &#8211; gruppo 1 e gruppo 2) \u00e8  sospesa a causa dello sciopero dei mezzi di trasporto.<\/p>\n","protected":false},"excerpt":{"rendered":"<p>AVVISO Dott.ssa I. Averina DIPARTIMENTO DI STUDI UMANISTICI Corso di Laurea in Lingue e Culture Moderne Attivit\u00e0 CEL di LINGUA RUSSA 1 e 3 2\u00b0 semestre Si avvisano gli studenti che l&#8217;attivit\u00e0 didattica integrativa in aula di venerd\u00ec 17 maggio 2019 (Russo 3 e Russo 1 &#8211; gruppo 1 e gruppo 2) \u00e8 sospesa a&#8230;<\/p>\n","protected":false},"author":14,"featured_media":0,"comment_status":"closed","ping_status":"open","sticky":false,"template":"","format":"standard","meta":[],"categories":[17],"tags":[],"_links":{"self":[{"href":"https:\/\/cla.unipv.it\/index.php?rest_route=\/wp\/v2\/posts\/54718"}],"collection":[{"href":"https:\/\/cla.unipv.it\/index.php?rest_route=\/wp\/v2\/posts"}],"about":[{"href":"https:\/\/cla.unipv.it\/index.php?rest_route=\/wp\/v2\/types\/post"}],"author":[{"embeddable":true,"href":"https:\/\/cla.unipv.it\/index.php?rest_route=\/wp\/v2\/users\/14"}],"replies":[{"embeddable":true,"href":"https:\/\/cla.unipv.it\/index.php?rest_route=%2Fwp%2Fv2%2Fcomments&post=54718"}],"version-history":[{"count":1,"href":"https:\/\/cla.unipv.it\/index.php?rest_route=\/wp\/v2\/posts\/54718\/revisions"}],"predecessor-version":[{"id":54719,"href":"https:\/\/cla.unipv.it\/index.php?rest_route=\/wp\/v2\/posts\/54718\/revisions\/54719"}],"wp:attachment":[{"href":"https:\/\/cla.unipv.it\/index.php?rest_route=%2Fwp%2Fv2%2Fmedia&parent=54718"}],"wp:term":[{"taxonomy":"category","embeddable":true,"href":"https:\/\/cla.unipv.it\/index.php?rest_route=%2Fwp%2Fv2%2Fcategories&post=54718"},{"taxonomy":"post_tag","embeddable":true,"href":"https:\/\/cla.unipv.it\/index.php?rest_route=%2Fwp%2Fv2%2Ftags&post=54718"}],"curies":[{"name":"wp","href":"https:\/\/api.w.org\/{rel}","templated":true}]}}