{"id":54653,"date":"2019-04-11T10:47:46","date_gmt":"2019-04-11T08:47:46","guid":{"rendered":"https:\/\/cla.unipv.it\/?p=54653"},"modified":"2019-04-11T10:47:46","modified_gmt":"2019-04-11T08:47:46","slug":"sospensione-servizi-centro-linguistico-periodo-15-26-aprile-2019","status":"publish","type":"post","link":"https:\/\/cla.unipv.it\/?p=54653","title":{"rendered":"Sospensione Servizi Centro Linguistico periodo 15-26 aprile 2019"},"content":{"rendered":"<p>Si avvisano gli utenti che il servizio di autoapprendimento linguistico subir\u00e0 le seguenti interruzioni:<\/p>\n<ul>\n<li><strong>luned\u00ec 15 aprile 2019<\/strong><strong> d<\/strong>alle <strong>ore 11.00 alle ore 13.00<\/strong>, per consentire lo svolgimento di una lezione di spagnolo<\/li>\n<li><strong>luned\u00ec 15 aprile 2019<\/strong> dalle<strong> ore 17.00 in poi<\/strong> per consentire lo svolgimento di una lezione di portoghese<\/li>\n<li><strong>mercoled\u00ec 17 aprile 2019<\/strong><strong> d<\/strong>alle <strong>ore 11.00 alle ore 13.00<\/strong>, per consentire lo svolgimento di una lezione di spagnolo<\/li>\n<li><strong>venerd\u00ec 19 aprile 2019<\/strong> <u>chiusura del centro alle ore 13.00<\/u> in occasione delle festivit\u00e0 pasquali<\/li>\n<li><strong>venerd\u00ec 26 aprile 2019<\/strong> <u>chiusura di ateneo<\/u><\/li>\n<\/ul>\n","protected":false},"excerpt":{"rendered":"<p>Si avvisano gli utenti che il servizio di autoapprendimento linguistico subir\u00e0 le seguenti interruzioni: luned\u00ec 15 aprile 2019 dalle ore 11.00 alle ore 13.00, per consentire lo svolgimento di una lezione di spagnolo luned\u00ec 15 aprile 2019 dalle ore 17.00 in poi per consentire lo svolgimento di una lezione di portoghese mercoled\u00ec 17 aprile 2019&#8230;<\/p>\n","protected":false},"author":7,"featured_media":0,"comment_status":"closed","ping_status":"open","sticky":false,"template":"","format":"standard","meta":[],"categories":[17],"tags":[],"_links":{"self":[{"href":"https:\/\/cla.unipv.it\/index.php?rest_route=\/wp\/v2\/posts\/54653"}],"collection":[{"href":"https:\/\/cla.unipv.it\/index.php?rest_route=\/wp\/v2\/posts"}],"about":[{"href":"https:\/\/cla.unipv.it\/index.php?rest_route=\/wp\/v2\/types\/post"}],"author":[{"embeddable":true,"href":"https:\/\/cla.unipv.it\/index.php?rest_route=\/wp\/v2\/users\/7"}],"replies":[{"embeddable":true,"href":"https:\/\/cla.unipv.it\/index.php?rest_route=%2Fwp%2Fv2%2Fcomments&post=54653"}],"version-history":[{"count":1,"href":"https:\/\/cla.unipv.it\/index.php?rest_route=\/wp\/v2\/posts\/54653\/revisions"}],"predecessor-version":[{"id":54654,"href":"https:\/\/cla.unipv.it\/index.php?rest_route=\/wp\/v2\/posts\/54653\/revisions\/54654"}],"wp:attachment":[{"href":"https:\/\/cla.unipv.it\/index.php?rest_route=%2Fwp%2Fv2%2Fmedia&parent=54653"}],"wp:term":[{"taxonomy":"category","embeddable":true,"href":"https:\/\/cla.unipv.it\/index.php?rest_route=%2Fwp%2Fv2%2Fcategories&post=54653"},{"taxonomy":"post_tag","embeddable":true,"href":"https:\/\/cla.unipv.it\/index.php?rest_route=%2Fwp%2Fv2%2Ftags&post=54653"}],"curies":[{"name":"wp","href":"https:\/\/api.w.org\/{rel}","templated":true}]}}