{"id":54577,"date":"2019-03-20T17:35:56","date_gmt":"2019-03-20T16:35:56","guid":{"rendered":"https:\/\/cla.unipv.it\/?p=54577"},"modified":"2019-03-20T17:35:56","modified_gmt":"2019-03-20T16:35:56","slug":"54577","status":"publish","type":"post","link":"https:\/\/cla.unipv.it\/?p=54577","title":{"rendered":""},"content":{"rendered":"<h3>AVVISO Dott.ssa M. Isabel Mazzuchelli L\u00f3pez<\/h3>\n<p>DIPARTIMENTO DI STUDI UMANISTICI<br \/>\nCorso di Laurea in Lettere e Filosofia<br \/>\nAttivit\u00e0 CEL di <b> LINGUA SPAGNOLA -a <\/b><br \/>\n2\u00b0 semestre <\/p>\n<p>Si avvisano gli studenti che l&#8217;attivit\u00e0 in aula <\/p>\n<p>di gioved\u00ec 21 marzo, dalle 16:00 alle 19:00 in aula VIII \u00e8 sospesa.<\/p>\n","protected":false},"excerpt":{"rendered":"<p>AVVISO Dott.ssa M. Isabel Mazzuchelli L\u00f3pez DIPARTIMENTO DI STUDI UMANISTICI Corso di Laurea in Lettere e Filosofia Attivit\u00e0 CEL di LINGUA SPAGNOLA -a 2\u00b0 semestre Si avvisano gli studenti che l&#8217;attivit\u00e0 in aula di gioved\u00ec 21 marzo, dalle 16:00 alle 19:00 in aula VIII \u00e8 sospesa.<\/p>\n","protected":false},"author":21,"featured_media":0,"comment_status":"closed","ping_status":"open","sticky":false,"template":"","format":"standard","meta":[],"categories":[17],"tags":[],"_links":{"self":[{"href":"https:\/\/cla.unipv.it\/index.php?rest_route=\/wp\/v2\/posts\/54577"}],"collection":[{"href":"https:\/\/cla.unipv.it\/index.php?rest_route=\/wp\/v2\/posts"}],"about":[{"href":"https:\/\/cla.unipv.it\/index.php?rest_route=\/wp\/v2\/types\/post"}],"author":[{"embeddable":true,"href":"https:\/\/cla.unipv.it\/index.php?rest_route=\/wp\/v2\/users\/21"}],"replies":[{"embeddable":true,"href":"https:\/\/cla.unipv.it\/index.php?rest_route=%2Fwp%2Fv2%2Fcomments&post=54577"}],"version-history":[{"count":1,"href":"https:\/\/cla.unipv.it\/index.php?rest_route=\/wp\/v2\/posts\/54577\/revisions"}],"predecessor-version":[{"id":54578,"href":"https:\/\/cla.unipv.it\/index.php?rest_route=\/wp\/v2\/posts\/54577\/revisions\/54578"}],"wp:attachment":[{"href":"https:\/\/cla.unipv.it\/index.php?rest_route=%2Fwp%2Fv2%2Fmedia&parent=54577"}],"wp:term":[{"taxonomy":"category","embeddable":true,"href":"https:\/\/cla.unipv.it\/index.php?rest_route=%2Fwp%2Fv2%2Fcategories&post=54577"},{"taxonomy":"post_tag","embeddable":true,"href":"https:\/\/cla.unipv.it\/index.php?rest_route=%2Fwp%2Fv2%2Ftags&post=54577"}],"curies":[{"name":"wp","href":"https:\/\/api.w.org\/{rel}","templated":true}]}}