{"id":54560,"date":"2019-03-18T13:21:30","date_gmt":"2019-03-18T12:21:30","guid":{"rendered":"https:\/\/cla.unipv.it\/?p=54560"},"modified":"2019-03-18T13:21:30","modified_gmt":"2019-03-18T12:21:30","slug":"54560","status":"publish","type":"post","link":"https:\/\/cla.unipv.it\/?p=54560","title":{"rendered":""},"content":{"rendered":"<h3>AVVISO Dott.ssa M. Mazzuchelli<\/h3>\n<p>DIPARTIMENTO DI STUDI UMANISTICI<br \/>\nCorso di Laurea in Lingue e Culture Moderne<br \/>\nAttivit\u00e0 CEL di <b> LINGUA SPAGNOLA 1 <\/b><br \/>\n2\u00b0 semestre <\/p>\n<p>Si avvisano gli studenti che l&#8217;attivit\u00e0 didattica integrativa in aula <\/p>\n<p>di luned\u00ec 25 marzo (gruppo1, ore 11:00-13:00) \u00e8 sospesa. Viene recuperata in anticipo il giorno  mercoled\u00ec 20 marzo, ore 14:00-16:00, aula CL2.<\/p>\n","protected":false},"excerpt":{"rendered":"<p>AVVISO Dott.ssa M. Mazzuchelli DIPARTIMENTO DI STUDI UMANISTICI Corso di Laurea in Lingue e Culture Moderne Attivit\u00e0 CEL di LINGUA SPAGNOLA 1 2\u00b0 semestre Si avvisano gli studenti che l&#8217;attivit\u00e0 didattica integrativa in aula di luned\u00ec 25 marzo (gruppo1, ore 11:00-13:00) \u00e8 sospesa. Viene recuperata in anticipo il giorno mercoled\u00ec 20 marzo, ore 14:00-16:00, aula&#8230;<\/p>\n","protected":false},"author":14,"featured_media":0,"comment_status":"closed","ping_status":"open","sticky":false,"template":"","format":"standard","meta":[],"categories":[17],"tags":[],"_links":{"self":[{"href":"https:\/\/cla.unipv.it\/index.php?rest_route=\/wp\/v2\/posts\/54560"}],"collection":[{"href":"https:\/\/cla.unipv.it\/index.php?rest_route=\/wp\/v2\/posts"}],"about":[{"href":"https:\/\/cla.unipv.it\/index.php?rest_route=\/wp\/v2\/types\/post"}],"author":[{"embeddable":true,"href":"https:\/\/cla.unipv.it\/index.php?rest_route=\/wp\/v2\/users\/14"}],"replies":[{"embeddable":true,"href":"https:\/\/cla.unipv.it\/index.php?rest_route=%2Fwp%2Fv2%2Fcomments&post=54560"}],"version-history":[{"count":1,"href":"https:\/\/cla.unipv.it\/index.php?rest_route=\/wp\/v2\/posts\/54560\/revisions"}],"predecessor-version":[{"id":54561,"href":"https:\/\/cla.unipv.it\/index.php?rest_route=\/wp\/v2\/posts\/54560\/revisions\/54561"}],"wp:attachment":[{"href":"https:\/\/cla.unipv.it\/index.php?rest_route=%2Fwp%2Fv2%2Fmedia&parent=54560"}],"wp:term":[{"taxonomy":"category","embeddable":true,"href":"https:\/\/cla.unipv.it\/index.php?rest_route=%2Fwp%2Fv2%2Fcategories&post=54560"},{"taxonomy":"post_tag","embeddable":true,"href":"https:\/\/cla.unipv.it\/index.php?rest_route=%2Fwp%2Fv2%2Ftags&post=54560"}],"curies":[{"name":"wp","href":"https:\/\/api.w.org\/{rel}","templated":true}]}}