{"id":54544,"date":"2019-03-07T16:13:19","date_gmt":"2019-03-07T15:13:19","guid":{"rendered":"https:\/\/cla.unipv.it\/?p=54544"},"modified":"2019-03-07T16:13:19","modified_gmt":"2019-03-07T15:13:19","slug":"54544","status":"publish","type":"post","link":"https:\/\/cla.unipv.it\/?p=54544","title":{"rendered":""},"content":{"rendered":"<h3>AVVISO Dott.ssa P. Esposito<\/h3>\n<p>DIPARTIMENTO DI SCIENZE ECONOMICHE E AZIENDALI<br \/>\nCorso di Laurea in Comunicazione Professionale e Multimedialit\u00e0<br \/>\nAttivit\u00e0 CEL di <b> LINGUA FRANCESE 1 <\/b><br \/>\n1\u00b0 semestre <\/p>\n<p>Si avvisano gli studenti che l&#8217;attivit\u00e0 didattica integrativa in aula <\/p>\n<p>di venerd\u00ec 8 marzo 2019, ore 14.00-16.00 in Aula E3 del Palazzo San Tommaso, \u00e8 sospesa a causa dello sciopero nazionale dei trasporti pubblici. Sar\u00e0 recuperata il 3\/05.<\/p>\n","protected":false},"excerpt":{"rendered":"<p>AVVISO Dott.ssa P. Esposito DIPARTIMENTO DI SCIENZE ECONOMICHE E AZIENDALI Corso di Laurea in Comunicazione Professionale e Multimedialit\u00e0 Attivit\u00e0 CEL di LINGUA FRANCESE 1 1\u00b0 semestre Si avvisano gli studenti che l&#8217;attivit\u00e0 didattica integrativa in aula di venerd\u00ec 8 marzo 2019, ore 14.00-16.00 in Aula E3 del Palazzo San Tommaso, \u00e8 sospesa a causa dello&#8230;<\/p>\n","protected":false},"author":14,"featured_media":0,"comment_status":"closed","ping_status":"open","sticky":false,"template":"","format":"standard","meta":[],"categories":[17],"tags":[],"_links":{"self":[{"href":"https:\/\/cla.unipv.it\/index.php?rest_route=\/wp\/v2\/posts\/54544"}],"collection":[{"href":"https:\/\/cla.unipv.it\/index.php?rest_route=\/wp\/v2\/posts"}],"about":[{"href":"https:\/\/cla.unipv.it\/index.php?rest_route=\/wp\/v2\/types\/post"}],"author":[{"embeddable":true,"href":"https:\/\/cla.unipv.it\/index.php?rest_route=\/wp\/v2\/users\/14"}],"replies":[{"embeddable":true,"href":"https:\/\/cla.unipv.it\/index.php?rest_route=%2Fwp%2Fv2%2Fcomments&post=54544"}],"version-history":[{"count":1,"href":"https:\/\/cla.unipv.it\/index.php?rest_route=\/wp\/v2\/posts\/54544\/revisions"}],"predecessor-version":[{"id":54545,"href":"https:\/\/cla.unipv.it\/index.php?rest_route=\/wp\/v2\/posts\/54544\/revisions\/54545"}],"wp:attachment":[{"href":"https:\/\/cla.unipv.it\/index.php?rest_route=%2Fwp%2Fv2%2Fmedia&parent=54544"}],"wp:term":[{"taxonomy":"category","embeddable":true,"href":"https:\/\/cla.unipv.it\/index.php?rest_route=%2Fwp%2Fv2%2Fcategories&post=54544"},{"taxonomy":"post_tag","embeddable":true,"href":"https:\/\/cla.unipv.it\/index.php?rest_route=%2Fwp%2Fv2%2Ftags&post=54544"}],"curies":[{"name":"wp","href":"https:\/\/api.w.org\/{rel}","templated":true}]}}