{"id":54531,"date":"2019-03-06T11:51:37","date_gmt":"2019-03-06T10:51:37","guid":{"rendered":"https:\/\/cla.unipv.it\/?p=54531"},"modified":"2019-03-06T11:51:37","modified_gmt":"2019-03-06T10:51:37","slug":"54531","status":"publish","type":"post","link":"https:\/\/cla.unipv.it\/?p=54531","title":{"rendered":""},"content":{"rendered":"<h3>AVVISO Dott.ssa E. Moriana<\/h3>\n<p>DIPARTIMENTO DI STUDI UMANISTICI<br \/>\nCorso di Laurea in Lingue e Culture Moderne<br \/>\nAttivit\u00e0 CEL di <b> LINGUA SPAGNOLA 2 <\/b><br \/>\n2\u00b0 semestre <\/p>\n<p>Si avvisano gli studenti che l&#8217;attivit\u00e0 didattica integrativa in aula <\/p>\n<p>di marted\u00ec 26 marzo si terr\u00e0 nell&#8217;aula V di Giurisprudenza.<\/p>\n","protected":false},"excerpt":{"rendered":"<p>AVVISO Dott.ssa E. Moriana DIPARTIMENTO DI STUDI UMANISTICI Corso di Laurea in Lingue e Culture Moderne Attivit\u00e0 CEL di LINGUA SPAGNOLA 2 2\u00b0 semestre Si avvisano gli studenti che l&#8217;attivit\u00e0 didattica integrativa in aula di marted\u00ec 26 marzo si terr\u00e0 nell&#8217;aula V di Giurisprudenza.<\/p>\n","protected":false},"author":14,"featured_media":0,"comment_status":"closed","ping_status":"open","sticky":false,"template":"","format":"standard","meta":[],"categories":[17],"tags":[],"_links":{"self":[{"href":"https:\/\/cla.unipv.it\/index.php?rest_route=\/wp\/v2\/posts\/54531"}],"collection":[{"href":"https:\/\/cla.unipv.it\/index.php?rest_route=\/wp\/v2\/posts"}],"about":[{"href":"https:\/\/cla.unipv.it\/index.php?rest_route=\/wp\/v2\/types\/post"}],"author":[{"embeddable":true,"href":"https:\/\/cla.unipv.it\/index.php?rest_route=\/wp\/v2\/users\/14"}],"replies":[{"embeddable":true,"href":"https:\/\/cla.unipv.it\/index.php?rest_route=%2Fwp%2Fv2%2Fcomments&post=54531"}],"version-history":[{"count":1,"href":"https:\/\/cla.unipv.it\/index.php?rest_route=\/wp\/v2\/posts\/54531\/revisions"}],"predecessor-version":[{"id":54532,"href":"https:\/\/cla.unipv.it\/index.php?rest_route=\/wp\/v2\/posts\/54531\/revisions\/54532"}],"wp:attachment":[{"href":"https:\/\/cla.unipv.it\/index.php?rest_route=%2Fwp%2Fv2%2Fmedia&parent=54531"}],"wp:term":[{"taxonomy":"category","embeddable":true,"href":"https:\/\/cla.unipv.it\/index.php?rest_route=%2Fwp%2Fv2%2Fcategories&post=54531"},{"taxonomy":"post_tag","embeddable":true,"href":"https:\/\/cla.unipv.it\/index.php?rest_route=%2Fwp%2Fv2%2Ftags&post=54531"}],"curies":[{"name":"wp","href":"https:\/\/api.w.org\/{rel}","templated":true}]}}