{"id":54031,"date":"2018-10-01T15:08:42","date_gmt":"2018-10-01T13:08:42","guid":{"rendered":"http:\/\/cla.unipv.it\/?p=54031"},"modified":"2018-10-01T15:08:42","modified_gmt":"2018-10-01T13:08:42","slug":"54031","status":"publish","type":"post","link":"https:\/\/cla.unipv.it\/?p=54031","title":{"rendered":""},"content":{"rendered":"<h3>AVVISO Dott. D. Harlos<\/h3>\n<p>DIPARTIMENTO DI STUDI UMANISTICI<br \/>\nCorso di Laurea in Lingue e Culture Moderne<br \/>\nAttivit\u00e0 CEL di <b> LINGUA TEDESCA 2 <\/b><br \/>\n1\u00b0 semestre <\/p>\n<p>Si avvisano gli studenti che &#8211; <\/p>\n<p>\u00e8 stato aggiunto un nuovo modulo chiamato KOMPETENZKURS Tedesco II Progrediti.<br \/>\nIl modulo \u00e8 diviso in due gruppi, 1 e 2, alternativi, e sar\u00e0 svolto dal dott. Dieter Harlos.<\/p>\n<p>Il gruppo 1 avr\u00e0 inizio marted\u00ec 9 ottobre 2018 dalle 11 alle 13 in aula L6 del palazzo S. Tommaso.<br \/>\nIl gruppo 2 partir\u00e0 subito questa settimana, da gioved\u00ec 4 ottobre 2018 dalle 14 alle 16 in aula L6 del palazzo S. Tommaso.<\/p>\n<p>Si prega di iscriversi con la solita modalit\u00e0 nelle apposite liste appena create nella piattaforma Kiro for candidates all&#8217;indirizzo http:\/\/kiro2014.unipv.it\/kiro4cand\/<\/p>\n","protected":false},"excerpt":{"rendered":"<p>AVVISO Dott. D. Harlos DIPARTIMENTO DI STUDI UMANISTICI Corso di Laurea in Lingue e Culture Moderne Attivit\u00e0 CEL di LINGUA TEDESCA 2 1\u00b0 semestre Si avvisano gli studenti che &#8211; \u00e8 stato aggiunto un nuovo modulo chiamato KOMPETENZKURS Tedesco II Progrediti. Il modulo \u00e8 diviso in due gruppi, 1 e 2, alternativi, e sar\u00e0 svolto&#8230;<\/p>\n","protected":false},"author":8,"featured_media":0,"comment_status":"closed","ping_status":"open","sticky":false,"template":"","format":"standard","meta":[],"categories":[17],"tags":[],"_links":{"self":[{"href":"https:\/\/cla.unipv.it\/index.php?rest_route=\/wp\/v2\/posts\/54031"}],"collection":[{"href":"https:\/\/cla.unipv.it\/index.php?rest_route=\/wp\/v2\/posts"}],"about":[{"href":"https:\/\/cla.unipv.it\/index.php?rest_route=\/wp\/v2\/types\/post"}],"author":[{"embeddable":true,"href":"https:\/\/cla.unipv.it\/index.php?rest_route=\/wp\/v2\/users\/8"}],"replies":[{"embeddable":true,"href":"https:\/\/cla.unipv.it\/index.php?rest_route=%2Fwp%2Fv2%2Fcomments&post=54031"}],"version-history":[{"count":1,"href":"https:\/\/cla.unipv.it\/index.php?rest_route=\/wp\/v2\/posts\/54031\/revisions"}],"predecessor-version":[{"id":54032,"href":"https:\/\/cla.unipv.it\/index.php?rest_route=\/wp\/v2\/posts\/54031\/revisions\/54032"}],"wp:attachment":[{"href":"https:\/\/cla.unipv.it\/index.php?rest_route=%2Fwp%2Fv2%2Fmedia&parent=54031"}],"wp:term":[{"taxonomy":"category","embeddable":true,"href":"https:\/\/cla.unipv.it\/index.php?rest_route=%2Fwp%2Fv2%2Fcategories&post=54031"},{"taxonomy":"post_tag","embeddable":true,"href":"https:\/\/cla.unipv.it\/index.php?rest_route=%2Fwp%2Fv2%2Ftags&post=54031"}],"curies":[{"name":"wp","href":"https:\/\/api.w.org\/{rel}","templated":true}]}}