{"id":53791,"date":"2018-07-26T09:10:08","date_gmt":"2018-07-26T07:10:08","guid":{"rendered":"http:\/\/cla.unipv.it\/?p=53791"},"modified":"2018-07-26T09:10:08","modified_gmt":"2018-07-26T07:10:08","slug":"chiusura-centro-linguistico-laboratorio-per-manutenzione","status":"publish","type":"post","link":"https:\/\/cla.unipv.it\/?p=53791","title":{"rendered":"Chiusura Centro Linguistico laboratorio per manutenzione"},"content":{"rendered":"<p>Si comunica che da gioved\u00ec 26 luglio a luned\u00ec 30 luglio 2018 il Centro Linguistico laboratorio rester\u00e0 chiuso per lavori di manutenzione straordinaria.<\/p>\n<p>&nbsp;<\/p>\n","protected":false},"excerpt":{"rendered":"<p>Si comunica che da gioved\u00ec 26 luglio a luned\u00ec 30 luglio 2018 il Centro Linguistico laboratorio rester\u00e0 chiuso per lavori di manutenzione straordinaria. &nbsp;<\/p>\n","protected":false},"author":8,"featured_media":0,"comment_status":"closed","ping_status":"open","sticky":false,"template":"","format":"standard","meta":[],"categories":[17],"tags":[],"_links":{"self":[{"href":"https:\/\/cla.unipv.it\/index.php?rest_route=\/wp\/v2\/posts\/53791"}],"collection":[{"href":"https:\/\/cla.unipv.it\/index.php?rest_route=\/wp\/v2\/posts"}],"about":[{"href":"https:\/\/cla.unipv.it\/index.php?rest_route=\/wp\/v2\/types\/post"}],"author":[{"embeddable":true,"href":"https:\/\/cla.unipv.it\/index.php?rest_route=\/wp\/v2\/users\/8"}],"replies":[{"embeddable":true,"href":"https:\/\/cla.unipv.it\/index.php?rest_route=%2Fwp%2Fv2%2Fcomments&post=53791"}],"version-history":[{"count":1,"href":"https:\/\/cla.unipv.it\/index.php?rest_route=\/wp\/v2\/posts\/53791\/revisions"}],"predecessor-version":[{"id":53792,"href":"https:\/\/cla.unipv.it\/index.php?rest_route=\/wp\/v2\/posts\/53791\/revisions\/53792"}],"wp:attachment":[{"href":"https:\/\/cla.unipv.it\/index.php?rest_route=%2Fwp%2Fv2%2Fmedia&parent=53791"}],"wp:term":[{"taxonomy":"category","embeddable":true,"href":"https:\/\/cla.unipv.it\/index.php?rest_route=%2Fwp%2Fv2%2Fcategories&post=53791"},{"taxonomy":"post_tag","embeddable":true,"href":"https:\/\/cla.unipv.it\/index.php?rest_route=%2Fwp%2Fv2%2Ftags&post=53791"}],"curies":[{"name":"wp","href":"https:\/\/api.w.org\/{rel}","templated":true}]}}