{"id":53700,"date":"2018-06-14T10:06:05","date_gmt":"2018-06-14T08:06:05","guid":{"rendered":"http:\/\/cla.unipv.it\/?p=53700"},"modified":"2018-06-14T10:06:05","modified_gmt":"2018-06-14T08:06:05","slug":"chiusura-centro-linguistico-laboratori-aggiornamento","status":"publish","type":"post","link":"https:\/\/cla.unipv.it\/?p=53700","title":{"rendered":"CHIUSURA CENTRO LINGUISTICO LABORATORI &#8211; AGGIORNAMENTO"},"content":{"rendered":"<p>Si avvisano gli utenti che nei giorni di <strong>gioved\u00ec e venerd\u00ec 14 e 15 giugno 2018<\/strong> il Centro Linguistico Laboratori <strong>rimarr\u00e0 chiuso<\/strong> \u00a0per interventi di manutenzione urgenti.<\/p>\n<p>Ci scusiamo per il disagio.<\/p>\n","protected":false},"excerpt":{"rendered":"<p>Si avvisano gli utenti che nei giorni di gioved\u00ec e venerd\u00ec 14 e 15 giugno 2018 il Centro Linguistico Laboratori rimarr\u00e0 chiuso \u00a0per interventi di manutenzione urgenti. Ci scusiamo per il disagio.<\/p>\n","protected":false},"author":8,"featured_media":0,"comment_status":"closed","ping_status":"open","sticky":false,"template":"","format":"standard","meta":[],"categories":[17],"tags":[],"_links":{"self":[{"href":"https:\/\/cla.unipv.it\/index.php?rest_route=\/wp\/v2\/posts\/53700"}],"collection":[{"href":"https:\/\/cla.unipv.it\/index.php?rest_route=\/wp\/v2\/posts"}],"about":[{"href":"https:\/\/cla.unipv.it\/index.php?rest_route=\/wp\/v2\/types\/post"}],"author":[{"embeddable":true,"href":"https:\/\/cla.unipv.it\/index.php?rest_route=\/wp\/v2\/users\/8"}],"replies":[{"embeddable":true,"href":"https:\/\/cla.unipv.it\/index.php?rest_route=%2Fwp%2Fv2%2Fcomments&post=53700"}],"version-history":[{"count":1,"href":"https:\/\/cla.unipv.it\/index.php?rest_route=\/wp\/v2\/posts\/53700\/revisions"}],"predecessor-version":[{"id":53701,"href":"https:\/\/cla.unipv.it\/index.php?rest_route=\/wp\/v2\/posts\/53700\/revisions\/53701"}],"wp:attachment":[{"href":"https:\/\/cla.unipv.it\/index.php?rest_route=%2Fwp%2Fv2%2Fmedia&parent=53700"}],"wp:term":[{"taxonomy":"category","embeddable":true,"href":"https:\/\/cla.unipv.it\/index.php?rest_route=%2Fwp%2Fv2%2Fcategories&post=53700"},{"taxonomy":"post_tag","embeddable":true,"href":"https:\/\/cla.unipv.it\/index.php?rest_route=%2Fwp%2Fv2%2Ftags&post=53700"}],"curies":[{"name":"wp","href":"https:\/\/api.w.org\/{rel}","templated":true}]}}