{"id":53625,"date":"2018-05-21T19:15:34","date_gmt":"2018-05-21T17:15:34","guid":{"rendered":"http:\/\/cla.unipv.it\/?p=53625"},"modified":"2018-05-22T09:28:35","modified_gmt":"2018-05-22T07:28:35","slug":"53625","status":"publish","type":"post","link":"https:\/\/cla.unipv.it\/?p=53625","title":{"rendered":""},"content":{"rendered":"<h3>AVVISO Dott.ssa Laura Rodr\u00edguez Fern\u00e1ndez<\/h3>\n<p>DIPARTIMENTO DI STUDI UMANISTICI<br \/>\nCorso di Laurea in Lingue e Culture Moderne<br \/>\nAttivit\u00e0 CEL di <b> LINGUA SPAGNOLA 1 <\/b><br \/>\n2\u00b0 semestre <\/p>\n<p>Si avvisano gli studenti che l&#8217;attivit\u00e0 in aula <\/p>\n<p>di marted\u00ec 22 maggio (gruppi 3 e 4) \u00e8 sospesa per la giornata di studio in ricordo del Prof. Giuseppe Mazzocchi &#8220;\u00bfHablo mal?&#8221; (Aula Foscolo, 9.30-17h)<\/p>\n","protected":false},"excerpt":{"rendered":"<p>AVVISO Dott.ssa Laura Rodr\u00edguez Fern\u00e1ndez DIPARTIMENTO DI STUDI UMANISTICI Corso di Laurea in Lingue e Culture Moderne Attivit\u00e0 CEL di LINGUA SPAGNOLA 1 2\u00b0 semestre Si avvisano gli studenti che l&#8217;attivit\u00e0 in aula di marted\u00ec 22 maggio (gruppi 3 e 4) \u00e8 sospesa per la giornata di studio in ricordo del Prof. Giuseppe Mazzocchi &#8220;\u00bfHablo&#8230;<\/p>\n","protected":false},"author":21,"featured_media":0,"comment_status":"closed","ping_status":"open","sticky":false,"template":"","format":"standard","meta":[],"categories":[17],"tags":[],"_links":{"self":[{"href":"https:\/\/cla.unipv.it\/index.php?rest_route=\/wp\/v2\/posts\/53625"}],"collection":[{"href":"https:\/\/cla.unipv.it\/index.php?rest_route=\/wp\/v2\/posts"}],"about":[{"href":"https:\/\/cla.unipv.it\/index.php?rest_route=\/wp\/v2\/types\/post"}],"author":[{"embeddable":true,"href":"https:\/\/cla.unipv.it\/index.php?rest_route=\/wp\/v2\/users\/21"}],"replies":[{"embeddable":true,"href":"https:\/\/cla.unipv.it\/index.php?rest_route=%2Fwp%2Fv2%2Fcomments&post=53625"}],"version-history":[{"count":2,"href":"https:\/\/cla.unipv.it\/index.php?rest_route=\/wp\/v2\/posts\/53625\/revisions"}],"predecessor-version":[{"id":53627,"href":"https:\/\/cla.unipv.it\/index.php?rest_route=\/wp\/v2\/posts\/53625\/revisions\/53627"}],"wp:attachment":[{"href":"https:\/\/cla.unipv.it\/index.php?rest_route=%2Fwp%2Fv2%2Fmedia&parent=53625"}],"wp:term":[{"taxonomy":"category","embeddable":true,"href":"https:\/\/cla.unipv.it\/index.php?rest_route=%2Fwp%2Fv2%2Fcategories&post=53625"},{"taxonomy":"post_tag","embeddable":true,"href":"https:\/\/cla.unipv.it\/index.php?rest_route=%2Fwp%2Fv2%2Ftags&post=53625"}],"curies":[{"name":"wp","href":"https:\/\/api.w.org\/{rel}","templated":true}]}}