{"id":53571,"date":"2018-05-02T17:10:51","date_gmt":"2018-05-02T15:10:51","guid":{"rendered":"http:\/\/cla.unipv.it\/?p=53571"},"modified":"2018-05-02T17:10:51","modified_gmt":"2018-05-02T15:10:51","slug":"53571","status":"publish","type":"post","link":"https:\/\/cla.unipv.it\/?p=53571","title":{"rendered":""},"content":{"rendered":"<h3>AVVISO Dott.ssa Laura Rodr\u00edguez Fern\u00e1ndez<\/h3>\n<p>DIPARTIMENTO DI STUDI UMANISTICI<br \/>\nCorso di Laurea in Lingue e Culture Moderne<br \/>\nAttivit\u00e0 CEL di <b> LINGUA SPAGNOLA 1 <\/b><br \/>\n2\u00b0 semestre <\/p>\n<p>Si avvisano gli studenti che l&#8217;attivit\u00e0 in aula <\/p>\n<p>del gruppo 3 di gioved\u00ec 3 maggio (11:00-13:00) verr\u00e0 svolta in aula L5<\/p>\n","protected":false},"excerpt":{"rendered":"<p>AVVISO Dott.ssa Laura Rodr\u00edguez Fern\u00e1ndez DIPARTIMENTO DI STUDI UMANISTICI Corso di Laurea in Lingue e Culture Moderne Attivit\u00e0 CEL di LINGUA SPAGNOLA 1 2\u00b0 semestre Si avvisano gli studenti che l&#8217;attivit\u00e0 in aula del gruppo 3 di gioved\u00ec 3 maggio (11:00-13:00) verr\u00e0 svolta in aula L5<\/p>\n","protected":false},"author":21,"featured_media":0,"comment_status":"closed","ping_status":"open","sticky":false,"template":"","format":"standard","meta":[],"categories":[17],"tags":[],"_links":{"self":[{"href":"https:\/\/cla.unipv.it\/index.php?rest_route=\/wp\/v2\/posts\/53571"}],"collection":[{"href":"https:\/\/cla.unipv.it\/index.php?rest_route=\/wp\/v2\/posts"}],"about":[{"href":"https:\/\/cla.unipv.it\/index.php?rest_route=\/wp\/v2\/types\/post"}],"author":[{"embeddable":true,"href":"https:\/\/cla.unipv.it\/index.php?rest_route=\/wp\/v2\/users\/21"}],"replies":[{"embeddable":true,"href":"https:\/\/cla.unipv.it\/index.php?rest_route=%2Fwp%2Fv2%2Fcomments&post=53571"}],"version-history":[{"count":1,"href":"https:\/\/cla.unipv.it\/index.php?rest_route=\/wp\/v2\/posts\/53571\/revisions"}],"predecessor-version":[{"id":53572,"href":"https:\/\/cla.unipv.it\/index.php?rest_route=\/wp\/v2\/posts\/53571\/revisions\/53572"}],"wp:attachment":[{"href":"https:\/\/cla.unipv.it\/index.php?rest_route=%2Fwp%2Fv2%2Fmedia&parent=53571"}],"wp:term":[{"taxonomy":"category","embeddable":true,"href":"https:\/\/cla.unipv.it\/index.php?rest_route=%2Fwp%2Fv2%2Fcategories&post=53571"},{"taxonomy":"post_tag","embeddable":true,"href":"https:\/\/cla.unipv.it\/index.php?rest_route=%2Fwp%2Fv2%2Ftags&post=53571"}],"curies":[{"name":"wp","href":"https:\/\/api.w.org\/{rel}","templated":true}]}}