{"id":53562,"date":"2018-04-28T15:46:30","date_gmt":"2018-04-28T13:46:30","guid":{"rendered":"http:\/\/cla.unipv.it\/?p=53562"},"modified":"2018-04-28T15:46:30","modified_gmt":"2018-04-28T13:46:30","slug":"53562","status":"publish","type":"post","link":"https:\/\/cla.unipv.it\/?p=53562","title":{"rendered":""},"content":{"rendered":"<h3>AVVISO &#8211;<\/h3>\n<p>DIPARTIMENTO DI STUDI UMANISTICI<br \/>\nCorso di Laurea Magistrale in Linguistica teorica, applicata e delle lingue moderne<br \/>\nAttivit\u00e0 CEL di <b> LINGUA SPAGNOLA 1 <\/b><br \/>\n2\u00b0 semestre <\/p>\n<p>Si avvisano gli studenti che &#8211; <\/p>\n<p>luned\u00ec e marted\u00ec prossimi non ci sar\u00e0 attivit\u00e0 per chiusura d&#8217;Ateneo.<br \/>\nProf. Carlos Jim\u00e9nez Climent<\/p>\n","protected":false},"excerpt":{"rendered":"<p>AVVISO &#8211; DIPARTIMENTO DI STUDI UMANISTICI Corso di Laurea Magistrale in Linguistica teorica, applicata e delle lingue moderne Attivit\u00e0 CEL di LINGUA SPAGNOLA 1 2\u00b0 semestre Si avvisano gli studenti che &#8211; luned\u00ec e marted\u00ec prossimi non ci sar\u00e0 attivit\u00e0 per chiusura d&#8217;Ateneo. Prof. Carlos Jim\u00e9nez Climent<\/p>\n","protected":false},"author":21,"featured_media":0,"comment_status":"closed","ping_status":"open","sticky":false,"template":"","format":"standard","meta":[],"categories":[17],"tags":[],"_links":{"self":[{"href":"https:\/\/cla.unipv.it\/index.php?rest_route=\/wp\/v2\/posts\/53562"}],"collection":[{"href":"https:\/\/cla.unipv.it\/index.php?rest_route=\/wp\/v2\/posts"}],"about":[{"href":"https:\/\/cla.unipv.it\/index.php?rest_route=\/wp\/v2\/types\/post"}],"author":[{"embeddable":true,"href":"https:\/\/cla.unipv.it\/index.php?rest_route=\/wp\/v2\/users\/21"}],"replies":[{"embeddable":true,"href":"https:\/\/cla.unipv.it\/index.php?rest_route=%2Fwp%2Fv2%2Fcomments&post=53562"}],"version-history":[{"count":1,"href":"https:\/\/cla.unipv.it\/index.php?rest_route=\/wp\/v2\/posts\/53562\/revisions"}],"predecessor-version":[{"id":53563,"href":"https:\/\/cla.unipv.it\/index.php?rest_route=\/wp\/v2\/posts\/53562\/revisions\/53563"}],"wp:attachment":[{"href":"https:\/\/cla.unipv.it\/index.php?rest_route=%2Fwp%2Fv2%2Fmedia&parent=53562"}],"wp:term":[{"taxonomy":"category","embeddable":true,"href":"https:\/\/cla.unipv.it\/index.php?rest_route=%2Fwp%2Fv2%2Fcategories&post=53562"},{"taxonomy":"post_tag","embeddable":true,"href":"https:\/\/cla.unipv.it\/index.php?rest_route=%2Fwp%2Fv2%2Ftags&post=53562"}],"curies":[{"name":"wp","href":"https:\/\/api.w.org\/{rel}","templated":true}]}}