{"id":53558,"date":"2018-04-28T15:42:32","date_gmt":"2018-04-28T13:42:32","guid":{"rendered":"http:\/\/cla.unipv.it\/?p=53558"},"modified":"2018-04-28T15:42:32","modified_gmt":"2018-04-28T13:42:32","slug":"53558","status":"publish","type":"post","link":"https:\/\/cla.unipv.it\/?p=53558","title":{"rendered":""},"content":{"rendered":"<h3>AVVISO &#8211;<\/h3>\n<p>DIPARTIMENTO DI STUDI UMANISTICI<br \/>\nCorso di Laurea in Filosofia<br \/>\nAttivit\u00e0 CEL di <b> LINGUA SPAGNOLA 1 <\/b><br \/>\n2\u00b0 semestre <\/p>\n<p>Si avvisano gli studenti che l&#8217;attivit\u00e0 didattica integrativa in aula <\/p>\n<p>luned\u00ec e marted\u00ec prossimi, 30 aprile e 1 maggio, \u00e8 chiusura d&#8217;Ateneo, non ci saranno attivit\u00e0.<br \/>\nProf. Carlos Jim\u00e9nez Climent<\/p>\n","protected":false},"excerpt":{"rendered":"<p>AVVISO &#8211; DIPARTIMENTO DI STUDI UMANISTICI Corso di Laurea in Filosofia Attivit\u00e0 CEL di LINGUA SPAGNOLA 1 2\u00b0 semestre Si avvisano gli studenti che l&#8217;attivit\u00e0 didattica integrativa in aula luned\u00ec e marted\u00ec prossimi, 30 aprile e 1 maggio, \u00e8 chiusura d&#8217;Ateneo, non ci saranno attivit\u00e0. Prof. Carlos Jim\u00e9nez Climent<\/p>\n","protected":false},"author":21,"featured_media":0,"comment_status":"closed","ping_status":"open","sticky":false,"template":"","format":"standard","meta":[],"categories":[17],"tags":[],"_links":{"self":[{"href":"https:\/\/cla.unipv.it\/index.php?rest_route=\/wp\/v2\/posts\/53558"}],"collection":[{"href":"https:\/\/cla.unipv.it\/index.php?rest_route=\/wp\/v2\/posts"}],"about":[{"href":"https:\/\/cla.unipv.it\/index.php?rest_route=\/wp\/v2\/types\/post"}],"author":[{"embeddable":true,"href":"https:\/\/cla.unipv.it\/index.php?rest_route=\/wp\/v2\/users\/21"}],"replies":[{"embeddable":true,"href":"https:\/\/cla.unipv.it\/index.php?rest_route=%2Fwp%2Fv2%2Fcomments&post=53558"}],"version-history":[{"count":1,"href":"https:\/\/cla.unipv.it\/index.php?rest_route=\/wp\/v2\/posts\/53558\/revisions"}],"predecessor-version":[{"id":53559,"href":"https:\/\/cla.unipv.it\/index.php?rest_route=\/wp\/v2\/posts\/53558\/revisions\/53559"}],"wp:attachment":[{"href":"https:\/\/cla.unipv.it\/index.php?rest_route=%2Fwp%2Fv2%2Fmedia&parent=53558"}],"wp:term":[{"taxonomy":"category","embeddable":true,"href":"https:\/\/cla.unipv.it\/index.php?rest_route=%2Fwp%2Fv2%2Fcategories&post=53558"},{"taxonomy":"post_tag","embeddable":true,"href":"https:\/\/cla.unipv.it\/index.php?rest_route=%2Fwp%2Fv2%2Ftags&post=53558"}],"curies":[{"name":"wp","href":"https:\/\/api.w.org\/{rel}","templated":true}]}}