{"id":53554,"date":"2018-04-27T13:36:53","date_gmt":"2018-04-27T11:36:53","guid":{"rendered":"http:\/\/cla.unipv.it\/?p=53554"},"modified":"2018-04-27T13:36:53","modified_gmt":"2018-04-27T11:36:53","slug":"sospensione-autoapprendimento-25","status":"publish","type":"post","link":"https:\/\/cla.unipv.it\/?p=53554","title":{"rendered":"Sospensione autoapprendimento"},"content":{"rendered":"<p>AVVISO sospensione  AUTOAPPRENDIMENTO<\/p>\n<p>Mercoled\u00ec 9 maggio e gioved\u00ec 10 maggio 2018 il servizio di autoapprendimento linguistico sar\u00e0 sospeso fino alle ore 14.00 per consentire lo svolgimento delle prove individuali del DELF A2 scolaire.<\/p>\n","protected":false},"excerpt":{"rendered":"<p>AVVISO sospensione AUTOAPPRENDIMENTO Mercoled\u00ec 9 maggio e gioved\u00ec 10 maggio 2018 il servizio di autoapprendimento linguistico sar\u00e0 sospeso fino alle ore 14.00 per consentire lo svolgimento delle prove individuali del DELF A2 scolaire.<\/p>\n","protected":false},"author":6,"featured_media":0,"comment_status":"closed","ping_status":"open","sticky":false,"template":"","format":"standard","meta":[],"categories":[1],"tags":[],"_links":{"self":[{"href":"https:\/\/cla.unipv.it\/index.php?rest_route=\/wp\/v2\/posts\/53554"}],"collection":[{"href":"https:\/\/cla.unipv.it\/index.php?rest_route=\/wp\/v2\/posts"}],"about":[{"href":"https:\/\/cla.unipv.it\/index.php?rest_route=\/wp\/v2\/types\/post"}],"author":[{"embeddable":true,"href":"https:\/\/cla.unipv.it\/index.php?rest_route=\/wp\/v2\/users\/6"}],"replies":[{"embeddable":true,"href":"https:\/\/cla.unipv.it\/index.php?rest_route=%2Fwp%2Fv2%2Fcomments&post=53554"}],"version-history":[{"count":1,"href":"https:\/\/cla.unipv.it\/index.php?rest_route=\/wp\/v2\/posts\/53554\/revisions"}],"predecessor-version":[{"id":53555,"href":"https:\/\/cla.unipv.it\/index.php?rest_route=\/wp\/v2\/posts\/53554\/revisions\/53555"}],"wp:attachment":[{"href":"https:\/\/cla.unipv.it\/index.php?rest_route=%2Fwp%2Fv2%2Fmedia&parent=53554"}],"wp:term":[{"taxonomy":"category","embeddable":true,"href":"https:\/\/cla.unipv.it\/index.php?rest_route=%2Fwp%2Fv2%2Fcategories&post=53554"},{"taxonomy":"post_tag","embeddable":true,"href":"https:\/\/cla.unipv.it\/index.php?rest_route=%2Fwp%2Fv2%2Ftags&post=53554"}],"curies":[{"name":"wp","href":"https:\/\/api.w.org\/{rel}","templated":true}]}}