{"id":53299,"date":"2018-03-05T12:49:12","date_gmt":"2018-03-05T11:49:12","guid":{"rendered":"http:\/\/cla.unipv.it\/?p=53299"},"modified":"2018-03-06T15:03:30","modified_gmt":"2018-03-06T14:03:30","slug":"sospensione-autoapprendimento-24","status":"publish","type":"post","link":"https:\/\/cla.unipv.it\/?p=53299","title":{"rendered":"Sospensione autoapprendimento."},"content":{"rendered":"<p><b>SOSPENSIONE SERVIZIO AUTOAPPRENDIMENTO<\/b><\/p>\n<p>Si informano gli utenti che il servizio di autoapprendimento sar\u00e0 sospeso i giorni marted\u00ec 6 e 13 marzo 2018 dalle 11.00 alle 13.00 e dalle 16.00 alle 16.30 perch\u00e9 l\u2019aula sar\u00e0 utilizzata per la didattica integrativa di Portoghese 2 e 3.<br \/>\nCi scusiamo con l\u2019utenza per il disagio che ci\u00f2 arrecher\u00e0.<\/p>\n","protected":false},"excerpt":{"rendered":"<p>SOSPENSIONE SERVIZIO AUTOAPPRENDIMENTO Si informano gli utenti che il servizio di autoapprendimento sar\u00e0 sospeso i giorni marted\u00ec 6 e 13 marzo 2018 dalle 11.00 alle 13.00 e dalle 16.00 alle 16.30 perch\u00e9 l\u2019aula sar\u00e0 utilizzata per la didattica integrativa di Portoghese 2 e 3. Ci scusiamo con l\u2019utenza per il disagio che ci\u00f2 arrecher\u00e0.<\/p>\n","protected":false},"author":6,"featured_media":0,"comment_status":"closed","ping_status":"open","sticky":false,"template":"","format":"standard","meta":[],"categories":[1],"tags":[],"_links":{"self":[{"href":"https:\/\/cla.unipv.it\/index.php?rest_route=\/wp\/v2\/posts\/53299"}],"collection":[{"href":"https:\/\/cla.unipv.it\/index.php?rest_route=\/wp\/v2\/posts"}],"about":[{"href":"https:\/\/cla.unipv.it\/index.php?rest_route=\/wp\/v2\/types\/post"}],"author":[{"embeddable":true,"href":"https:\/\/cla.unipv.it\/index.php?rest_route=\/wp\/v2\/users\/6"}],"replies":[{"embeddable":true,"href":"https:\/\/cla.unipv.it\/index.php?rest_route=%2Fwp%2Fv2%2Fcomments&post=53299"}],"version-history":[{"count":3,"href":"https:\/\/cla.unipv.it\/index.php?rest_route=\/wp\/v2\/posts\/53299\/revisions"}],"predecessor-version":[{"id":53311,"href":"https:\/\/cla.unipv.it\/index.php?rest_route=\/wp\/v2\/posts\/53299\/revisions\/53311"}],"wp:attachment":[{"href":"https:\/\/cla.unipv.it\/index.php?rest_route=%2Fwp%2Fv2%2Fmedia&parent=53299"}],"wp:term":[{"taxonomy":"category","embeddable":true,"href":"https:\/\/cla.unipv.it\/index.php?rest_route=%2Fwp%2Fv2%2Fcategories&post=53299"},{"taxonomy":"post_tag","embeddable":true,"href":"https:\/\/cla.unipv.it\/index.php?rest_route=%2Fwp%2Fv2%2Ftags&post=53299"}],"curies":[{"name":"wp","href":"https:\/\/api.w.org\/{rel}","templated":true}]}}