{"id":53208,"date":"2018-02-20T15:16:06","date_gmt":"2018-02-20T14:16:06","guid":{"rendered":"http:\/\/cla.unipv.it\/?p=53208"},"modified":"2018-02-20T15:16:06","modified_gmt":"2018-02-20T14:16:06","slug":"53208","status":"publish","type":"post","link":"https:\/\/cla.unipv.it\/?p=53208","title":{"rendered":""},"content":{"rendered":"<h3>AVVISO Dott.ssa H. Fremdling<\/h3>\n<p>DIPARTIMENTO DI STUDI UMANISTICI<br \/>\nCorso di Laurea Magistrale in Linguistica teorica, applicata e delle lingue moderne<br \/>\nAttivit\u00e0 CEL di <b> LINGUA TEDESCA 1 e 2 <\/b><br \/>\n&#8211; <\/p>\n<p>Si avvisano gli studenti che &#8211; <\/p>\n<p>su loro richiesta, il giorno mercoled\u00ec 21 febbraio 2018 dalle 14.00 alle 18.00 in aula Marconi 2 si svolger\u00e0 il &#8220;Blockseminar&#8221; (Wissenschaftliches Schreiben und Uebersetzen).<br \/>\nSi auspica la pi\u00f9 ampia partecipazione.<\/p>\n","protected":false},"excerpt":{"rendered":"<p>AVVISO Dott.ssa H. Fremdling DIPARTIMENTO DI STUDI UMANISTICI Corso di Laurea Magistrale in Linguistica teorica, applicata e delle lingue moderne Attivit\u00e0 CEL di LINGUA TEDESCA 1 e 2 &#8211; Si avvisano gli studenti che &#8211; su loro richiesta, il giorno mercoled\u00ec 21 febbraio 2018 dalle 14.00 alle 18.00 in aula Marconi 2 si svolger\u00e0 il&#8230;<\/p>\n","protected":false},"author":6,"featured_media":0,"comment_status":"closed","ping_status":"open","sticky":false,"template":"","format":"standard","meta":[],"categories":[1],"tags":[],"_links":{"self":[{"href":"https:\/\/cla.unipv.it\/index.php?rest_route=\/wp\/v2\/posts\/53208"}],"collection":[{"href":"https:\/\/cla.unipv.it\/index.php?rest_route=\/wp\/v2\/posts"}],"about":[{"href":"https:\/\/cla.unipv.it\/index.php?rest_route=\/wp\/v2\/types\/post"}],"author":[{"embeddable":true,"href":"https:\/\/cla.unipv.it\/index.php?rest_route=\/wp\/v2\/users\/6"}],"replies":[{"embeddable":true,"href":"https:\/\/cla.unipv.it\/index.php?rest_route=%2Fwp%2Fv2%2Fcomments&post=53208"}],"version-history":[{"count":1,"href":"https:\/\/cla.unipv.it\/index.php?rest_route=\/wp\/v2\/posts\/53208\/revisions"}],"predecessor-version":[{"id":53209,"href":"https:\/\/cla.unipv.it\/index.php?rest_route=\/wp\/v2\/posts\/53208\/revisions\/53209"}],"wp:attachment":[{"href":"https:\/\/cla.unipv.it\/index.php?rest_route=%2Fwp%2Fv2%2Fmedia&parent=53208"}],"wp:term":[{"taxonomy":"category","embeddable":true,"href":"https:\/\/cla.unipv.it\/index.php?rest_route=%2Fwp%2Fv2%2Fcategories&post=53208"},{"taxonomy":"post_tag","embeddable":true,"href":"https:\/\/cla.unipv.it\/index.php?rest_route=%2Fwp%2Fv2%2Ftags&post=53208"}],"curies":[{"name":"wp","href":"https:\/\/api.w.org\/{rel}","templated":true}]}}