{"id":53121,"date":"2018-01-12T15:21:19","date_gmt":"2018-01-12T14:21:19","guid":{"rendered":"http:\/\/cla.unipv.it\/?p=53121"},"modified":"2018-01-12T15:21:19","modified_gmt":"2018-01-12T14:21:19","slug":"sospensione-autoapprendimento-16-e-19-gennaio","status":"publish","type":"post","link":"https:\/\/cla.unipv.it\/?p=53121","title":{"rendered":"Sospensione autoapprendimento 16 e 19 gennaio"},"content":{"rendered":"<p>Si avvisano gli utenti che per consentire lo svolgimento degli esami di lingue del CdL in Lingue, il servizio di autoapprendimento sar\u00e0 sospeso nei seguenti giorni:<\/p>\n<ul>\n<li><strong>marted\u00ec 16 gennaio 2018<\/strong> dalle ore 11.30 alle ore 14.00<\/li>\n<\/ul>\n<ul>\n<li><strong>venerd\u00ec 19 gennaio 2018<\/strong> dalle ore 14.30 in poi.<\/li>\n<\/ul>\n","protected":false},"excerpt":{"rendered":"<p>Si avvisano gli utenti che per consentire lo svolgimento degli esami di lingue del CdL in Lingue, il servizio di autoapprendimento sar\u00e0 sospeso nei seguenti giorni: marted\u00ec 16 gennaio 2018 dalle ore 11.30 alle ore 14.00 venerd\u00ec 19 gennaio 2018 dalle ore 14.30 in poi.<\/p>\n","protected":false},"author":7,"featured_media":0,"comment_status":"closed","ping_status":"open","sticky":false,"template":"","format":"standard","meta":[],"categories":[1],"tags":[],"_links":{"self":[{"href":"https:\/\/cla.unipv.it\/index.php?rest_route=\/wp\/v2\/posts\/53121"}],"collection":[{"href":"https:\/\/cla.unipv.it\/index.php?rest_route=\/wp\/v2\/posts"}],"about":[{"href":"https:\/\/cla.unipv.it\/index.php?rest_route=\/wp\/v2\/types\/post"}],"author":[{"embeddable":true,"href":"https:\/\/cla.unipv.it\/index.php?rest_route=\/wp\/v2\/users\/7"}],"replies":[{"embeddable":true,"href":"https:\/\/cla.unipv.it\/index.php?rest_route=%2Fwp%2Fv2%2Fcomments&post=53121"}],"version-history":[{"count":1,"href":"https:\/\/cla.unipv.it\/index.php?rest_route=\/wp\/v2\/posts\/53121\/revisions"}],"predecessor-version":[{"id":53123,"href":"https:\/\/cla.unipv.it\/index.php?rest_route=\/wp\/v2\/posts\/53121\/revisions\/53123"}],"wp:attachment":[{"href":"https:\/\/cla.unipv.it\/index.php?rest_route=%2Fwp%2Fv2%2Fmedia&parent=53121"}],"wp:term":[{"taxonomy":"category","embeddable":true,"href":"https:\/\/cla.unipv.it\/index.php?rest_route=%2Fwp%2Fv2%2Fcategories&post=53121"},{"taxonomy":"post_tag","embeddable":true,"href":"https:\/\/cla.unipv.it\/index.php?rest_route=%2Fwp%2Fv2%2Ftags&post=53121"}],"curies":[{"name":"wp","href":"https:\/\/api.w.org\/{rel}","templated":true}]}}