{"id":52870,"date":"2017-11-14T09:13:58","date_gmt":"2017-11-14T08:13:58","guid":{"rendered":"http:\/\/cla.unipv.it\/?p=52870"},"modified":"2017-11-14T09:13:58","modified_gmt":"2017-11-14T08:13:58","slug":"52870","status":"publish","type":"post","link":"https:\/\/cla.unipv.it\/?p=52870","title":{"rendered":""},"content":{"rendered":"<h3>AVVISO Dott. H. Haidar<\/h3>\n<p>DIPARTIMENTO DI SCIENZE POLITICHE E SOCIALI<br \/>\nCorso di Laurea in Comunicazione Professionale e Multimedialit\u00e0<br \/>\nAttivit\u00e0 CEL di <b> LINGUA ARABA 1 e 3 <\/b><br \/>\n1\u00b0 semestre <\/p>\n<p>Si avvisano gli studenti che l&#8217;attivit\u00e0 didattica integrativa in aula <\/p>\n<p>Cassip \u00e8 sospesa per motivi di salute. La lezione sar\u00e0 recuperata Marted\u00ec 21 Novembre 2017,<\/p>\n","protected":false},"excerpt":{"rendered":"<p>AVVISO Dott. H. Haidar DIPARTIMENTO DI SCIENZE POLITICHE E SOCIALI Corso di Laurea in Comunicazione Professionale e Multimedialit\u00e0 Attivit\u00e0 CEL di LINGUA ARABA 1 e 3 1\u00b0 semestre Si avvisano gli studenti che l&#8217;attivit\u00e0 didattica integrativa in aula Cassip \u00e8 sospesa per motivi di salute. La lezione sar\u00e0 recuperata Marted\u00ec 21 Novembre 2017,<\/p>\n","protected":false},"author":14,"featured_media":0,"comment_status":"closed","ping_status":"open","sticky":false,"template":"","format":"standard","meta":[],"categories":[17],"tags":[],"_links":{"self":[{"href":"https:\/\/cla.unipv.it\/index.php?rest_route=\/wp\/v2\/posts\/52870"}],"collection":[{"href":"https:\/\/cla.unipv.it\/index.php?rest_route=\/wp\/v2\/posts"}],"about":[{"href":"https:\/\/cla.unipv.it\/index.php?rest_route=\/wp\/v2\/types\/post"}],"author":[{"embeddable":true,"href":"https:\/\/cla.unipv.it\/index.php?rest_route=\/wp\/v2\/users\/14"}],"replies":[{"embeddable":true,"href":"https:\/\/cla.unipv.it\/index.php?rest_route=%2Fwp%2Fv2%2Fcomments&post=52870"}],"version-history":[{"count":1,"href":"https:\/\/cla.unipv.it\/index.php?rest_route=\/wp\/v2\/posts\/52870\/revisions"}],"predecessor-version":[{"id":52871,"href":"https:\/\/cla.unipv.it\/index.php?rest_route=\/wp\/v2\/posts\/52870\/revisions\/52871"}],"wp:attachment":[{"href":"https:\/\/cla.unipv.it\/index.php?rest_route=%2Fwp%2Fv2%2Fmedia&parent=52870"}],"wp:term":[{"taxonomy":"category","embeddable":true,"href":"https:\/\/cla.unipv.it\/index.php?rest_route=%2Fwp%2Fv2%2Fcategories&post=52870"},{"taxonomy":"post_tag","embeddable":true,"href":"https:\/\/cla.unipv.it\/index.php?rest_route=%2Fwp%2Fv2%2Ftags&post=52870"}],"curies":[{"name":"wp","href":"https:\/\/api.w.org\/{rel}","templated":true}]}}