{"id":52828,"date":"2017-11-08T04:34:42","date_gmt":"2017-11-08T03:34:42","guid":{"rendered":"http:\/\/cla.unipv.it\/?p=52828"},"modified":"2017-11-08T04:34:42","modified_gmt":"2017-11-08T03:34:42","slug":"52828","status":"publish","type":"post","link":"https:\/\/cla.unipv.it\/?p=52828","title":{"rendered":""},"content":{"rendered":"<h3>AVVISO Dott.ssa I. Averina<\/h3>\n<p>DIPARTIMENTO DI STUDI UMANISTICI<br \/>\nCorso di Laurea Magistrale in Letterature Europee e Americane<br \/>\nAttivit\u00e0 CEL di <b> LINGUA RUSSA 1 e 2 <\/b><br \/>\n1\u00b0 semestre <\/p>\n<p>Si avvisano gli studenti che l&#8217;attivit\u00e0 didattica integrativa in aula <\/p>\n<p>di mercoled\u00ec 8 novembre \u00e8 sospesa.<\/p>\n","protected":false},"excerpt":{"rendered":"<p>AVVISO Dott.ssa I. Averina DIPARTIMENTO DI STUDI UMANISTICI Corso di Laurea Magistrale in Letterature Europee e Americane Attivit\u00e0 CEL di LINGUA RUSSA 1 e 2 1\u00b0 semestre Si avvisano gli studenti che l&#8217;attivit\u00e0 didattica integrativa in aula di mercoled\u00ec 8 novembre \u00e8 sospesa.<\/p>\n","protected":false},"author":14,"featured_media":0,"comment_status":"closed","ping_status":"open","sticky":false,"template":"","format":"standard","meta":[],"categories":[17],"tags":[],"_links":{"self":[{"href":"https:\/\/cla.unipv.it\/index.php?rest_route=\/wp\/v2\/posts\/52828"}],"collection":[{"href":"https:\/\/cla.unipv.it\/index.php?rest_route=\/wp\/v2\/posts"}],"about":[{"href":"https:\/\/cla.unipv.it\/index.php?rest_route=\/wp\/v2\/types\/post"}],"author":[{"embeddable":true,"href":"https:\/\/cla.unipv.it\/index.php?rest_route=\/wp\/v2\/users\/14"}],"replies":[{"embeddable":true,"href":"https:\/\/cla.unipv.it\/index.php?rest_route=%2Fwp%2Fv2%2Fcomments&post=52828"}],"version-history":[{"count":1,"href":"https:\/\/cla.unipv.it\/index.php?rest_route=\/wp\/v2\/posts\/52828\/revisions"}],"predecessor-version":[{"id":52829,"href":"https:\/\/cla.unipv.it\/index.php?rest_route=\/wp\/v2\/posts\/52828\/revisions\/52829"}],"wp:attachment":[{"href":"https:\/\/cla.unipv.it\/index.php?rest_route=%2Fwp%2Fv2%2Fmedia&parent=52828"}],"wp:term":[{"taxonomy":"category","embeddable":true,"href":"https:\/\/cla.unipv.it\/index.php?rest_route=%2Fwp%2Fv2%2Fcategories&post=52828"},{"taxonomy":"post_tag","embeddable":true,"href":"https:\/\/cla.unipv.it\/index.php?rest_route=%2Fwp%2Fv2%2Ftags&post=52828"}],"curies":[{"name":"wp","href":"https:\/\/api.w.org\/{rel}","templated":true}]}}