{"id":52735,"date":"2017-10-26T08:57:06","date_gmt":"2017-10-26T06:57:06","guid":{"rendered":"http:\/\/cla.unipv.it\/?p=52735"},"modified":"2017-10-26T09:30:02","modified_gmt":"2017-10-26T07:30:02","slug":"52735","status":"publish","type":"post","link":"https:\/\/cla.unipv.it\/?p=52735","title":{"rendered":""},"content":{"rendered":"<h3>AVVISO Dott.ssa Mar\u00eda Isabel Mazzuchelli L\u00f3pez<\/h3>\n<p>DIPARTIMENTO DI STUDI UMANISTICI<br \/>\nCorso di Laurea in Lingue e Culture Moderne<br \/>\nAttivit\u00e0 CEL di <b> LINGUA SPAGNOLA 1 <\/b><br \/>\n1\u00b0 semestre<\/p>\n<p>Si avvisano gli studenti che l\u2019attivit\u00e0 didattica integrativa in aula<br \/>\ndi marted\u00ec 31 ottobre e 7 novembre, dalle 16:00 alle 18:00 (gruppo 4), \u00e8 sospesa. Sar\u00e0 recuperata in data 14 novembre, dalle 16:00 alle 18:00 in aula VI e 21 novembre, dalle 14:00 alle 16:00 in aula VI.<\/p>\n","protected":false},"excerpt":{"rendered":"<p>AVVISO Dott.ssa Mar\u00eda Isabel Mazzuchelli L\u00f3pez DIPARTIMENTO DI STUDI UMANISTICI Corso di Laurea in Lingue e Culture Moderne Attivit\u00e0 CEL di LINGUA SPAGNOLA 1 1\u00b0 semestre Si avvisano gli studenti che l\u2019attivit\u00e0 didattica integrativa in aula di marted\u00ec 31 ottobre e 7 novembre, dalle 16:00 alle 18:00 (gruppo 4), \u00e8 sospesa. Sar\u00e0 recuperata in data&#8230;<\/p>\n","protected":false},"author":21,"featured_media":0,"comment_status":"closed","ping_status":"open","sticky":false,"template":"","format":"standard","meta":[],"categories":[17],"tags":[],"_links":{"self":[{"href":"https:\/\/cla.unipv.it\/index.php?rest_route=\/wp\/v2\/posts\/52735"}],"collection":[{"href":"https:\/\/cla.unipv.it\/index.php?rest_route=\/wp\/v2\/posts"}],"about":[{"href":"https:\/\/cla.unipv.it\/index.php?rest_route=\/wp\/v2\/types\/post"}],"author":[{"embeddable":true,"href":"https:\/\/cla.unipv.it\/index.php?rest_route=\/wp\/v2\/users\/21"}],"replies":[{"embeddable":true,"href":"https:\/\/cla.unipv.it\/index.php?rest_route=%2Fwp%2Fv2%2Fcomments&post=52735"}],"version-history":[{"count":2,"href":"https:\/\/cla.unipv.it\/index.php?rest_route=\/wp\/v2\/posts\/52735\/revisions"}],"predecessor-version":[{"id":52739,"href":"https:\/\/cla.unipv.it\/index.php?rest_route=\/wp\/v2\/posts\/52735\/revisions\/52739"}],"wp:attachment":[{"href":"https:\/\/cla.unipv.it\/index.php?rest_route=%2Fwp%2Fv2%2Fmedia&parent=52735"}],"wp:term":[{"taxonomy":"category","embeddable":true,"href":"https:\/\/cla.unipv.it\/index.php?rest_route=%2Fwp%2Fv2%2Fcategories&post=52735"},{"taxonomy":"post_tag","embeddable":true,"href":"https:\/\/cla.unipv.it\/index.php?rest_route=%2Fwp%2Fv2%2Ftags&post=52735"}],"curies":[{"name":"wp","href":"https:\/\/api.w.org\/{rel}","templated":true}]}}