{"id":52622,"date":"2017-09-29T10:51:45","date_gmt":"2017-09-29T08:51:45","guid":{"rendered":"http:\/\/cla.unipv.it\/?p=52622"},"modified":"2017-09-29T10:51:45","modified_gmt":"2017-09-29T08:51:45","slug":"52622","status":"publish","type":"post","link":"https:\/\/cla.unipv.it\/?p=52622","title":{"rendered":""},"content":{"rendered":"<h3>AVVISO Dott.ssa D. Harrison<\/h3>\n<p>DIPARTIMENTO DI STUDI UMANISTICI<br \/>\nCorso di Laurea in Filosofia<br \/>\nAttivit\u00e0 CEL di <b> LINGUA INGLESE -b <\/b><br \/>\n1\u00b0 semestre <\/p>\n<p>Si avvisano gli studenti che l&#8217;attivit\u00e0 didattica integrativa in aula <\/p>\n<p>ARC \u00e8 sospesa.  La didattica integrativa avr\u00e0 inizio luned\u00ec 9 ottobre e seguir\u00e0 l&#8217;orario gi\u00e0 pubblicato.<\/p>\n","protected":false},"excerpt":{"rendered":"<p>AVVISO Dott.ssa D. Harrison DIPARTIMENTO DI STUDI UMANISTICI Corso di Laurea in Filosofia Attivit\u00e0 CEL di LINGUA INGLESE -b 1\u00b0 semestre Si avvisano gli studenti che l&#8217;attivit\u00e0 didattica integrativa in aula ARC \u00e8 sospesa. La didattica integrativa avr\u00e0 inizio luned\u00ec 9 ottobre e seguir\u00e0 l&#8217;orario gi\u00e0 pubblicato.<\/p>\n","protected":false},"author":14,"featured_media":0,"comment_status":"closed","ping_status":"open","sticky":false,"template":"","format":"standard","meta":[],"categories":[17],"tags":[],"_links":{"self":[{"href":"https:\/\/cla.unipv.it\/index.php?rest_route=\/wp\/v2\/posts\/52622"}],"collection":[{"href":"https:\/\/cla.unipv.it\/index.php?rest_route=\/wp\/v2\/posts"}],"about":[{"href":"https:\/\/cla.unipv.it\/index.php?rest_route=\/wp\/v2\/types\/post"}],"author":[{"embeddable":true,"href":"https:\/\/cla.unipv.it\/index.php?rest_route=\/wp\/v2\/users\/14"}],"replies":[{"embeddable":true,"href":"https:\/\/cla.unipv.it\/index.php?rest_route=%2Fwp%2Fv2%2Fcomments&post=52622"}],"version-history":[{"count":1,"href":"https:\/\/cla.unipv.it\/index.php?rest_route=\/wp\/v2\/posts\/52622\/revisions"}],"predecessor-version":[{"id":52623,"href":"https:\/\/cla.unipv.it\/index.php?rest_route=\/wp\/v2\/posts\/52622\/revisions\/52623"}],"wp:attachment":[{"href":"https:\/\/cla.unipv.it\/index.php?rest_route=%2Fwp%2Fv2%2Fmedia&parent=52622"}],"wp:term":[{"taxonomy":"category","embeddable":true,"href":"https:\/\/cla.unipv.it\/index.php?rest_route=%2Fwp%2Fv2%2Fcategories&post=52622"},{"taxonomy":"post_tag","embeddable":true,"href":"https:\/\/cla.unipv.it\/index.php?rest_route=%2Fwp%2Fv2%2Ftags&post=52622"}],"curies":[{"name":"wp","href":"https:\/\/api.w.org\/{rel}","templated":true}]}}