{"id":52593,"date":"2017-09-19T13:58:37","date_gmt":"2017-09-19T11:58:37","guid":{"rendered":"http:\/\/cla.unipv.it\/?p=52593"},"modified":"2017-09-19T13:58:37","modified_gmt":"2017-09-19T11:58:37","slug":"avviso-chiusura-centro-linguistico","status":"publish","type":"post","link":"https:\/\/cla.unipv.it\/?p=52593","title":{"rendered":"AVVISO CHIUSURA CENTRO LINGUISTICO"},"content":{"rendered":"<p>Si informano gli utenti che <strong>il giorno mercoled\u00ec 20 settembre 2017, <\/strong>il Centro linguistico sar\u00e0 <strong>chiuso dalle 12.30 alle 14.00<\/strong> perch\u00e9 tutto il personale del Centro \u00e8 impegnato nelle aule per la somministrazione del <strong>Test Erasmus<\/strong> per la lingua inglese.<\/p>\n","protected":false},"excerpt":{"rendered":"<p>Si informano gli utenti che il giorno mercoled\u00ec 20 settembre 2017, il Centro linguistico sar\u00e0 chiuso dalle 12.30 alle 14.00 perch\u00e9 tutto il personale del Centro \u00e8 impegnato nelle aule per la somministrazione del Test Erasmus per la lingua inglese.<\/p>\n","protected":false},"author":5,"featured_media":0,"comment_status":"closed","ping_status":"open","sticky":false,"template":"","format":"standard","meta":[],"categories":[17],"tags":[],"_links":{"self":[{"href":"https:\/\/cla.unipv.it\/index.php?rest_route=\/wp\/v2\/posts\/52593"}],"collection":[{"href":"https:\/\/cla.unipv.it\/index.php?rest_route=\/wp\/v2\/posts"}],"about":[{"href":"https:\/\/cla.unipv.it\/index.php?rest_route=\/wp\/v2\/types\/post"}],"author":[{"embeddable":true,"href":"https:\/\/cla.unipv.it\/index.php?rest_route=\/wp\/v2\/users\/5"}],"replies":[{"embeddable":true,"href":"https:\/\/cla.unipv.it\/index.php?rest_route=%2Fwp%2Fv2%2Fcomments&post=52593"}],"version-history":[{"count":1,"href":"https:\/\/cla.unipv.it\/index.php?rest_route=\/wp\/v2\/posts\/52593\/revisions"}],"predecessor-version":[{"id":52594,"href":"https:\/\/cla.unipv.it\/index.php?rest_route=\/wp\/v2\/posts\/52593\/revisions\/52594"}],"wp:attachment":[{"href":"https:\/\/cla.unipv.it\/index.php?rest_route=%2Fwp%2Fv2%2Fmedia&parent=52593"}],"wp:term":[{"taxonomy":"category","embeddable":true,"href":"https:\/\/cla.unipv.it\/index.php?rest_route=%2Fwp%2Fv2%2Fcategories&post=52593"},{"taxonomy":"post_tag","embeddable":true,"href":"https:\/\/cla.unipv.it\/index.php?rest_route=%2Fwp%2Fv2%2Ftags&post=52593"}],"curies":[{"name":"wp","href":"https:\/\/api.w.org\/{rel}","templated":true}]}}