{"id":52575,"date":"2017-09-12T08:46:08","date_gmt":"2017-09-12T06:46:08","guid":{"rendered":"http:\/\/cla.unipv.it\/?p=52575"},"modified":"2017-09-12T08:46:08","modified_gmt":"2017-09-12T06:46:08","slug":"avviso-sospensione-consulenza-linguistica","status":"publish","type":"post","link":"https:\/\/cla.unipv.it\/?p=52575","title":{"rendered":"AVVISO sospensione  CONSULENZA LINGUISTICA"},"content":{"rendered":"<p>Si informano gli utenti che <strong>il giorno venerd\u00ec 15 settembre 2017, <\/strong>il servizio di <u>consulenza linguistica<\/u> sar\u00e0 sospeso dalle ore 10.00 alle ore 12.30 causa riunione del Centro linguistico. Sar\u00e0 comunque possibile l&#8217;accesso all&#8217;aula di autoapprendimento e ai materiali della mediateca.<\/p>\n","protected":false},"excerpt":{"rendered":"<p>Si informano gli utenti che il giorno venerd\u00ec 15 settembre 2017, il servizio di consulenza linguistica sar\u00e0 sospeso dalle ore 10.00 alle ore 12.30 causa riunione del Centro linguistico. Sar\u00e0 comunque possibile l&#8217;accesso all&#8217;aula di autoapprendimento e ai materiali della mediateca.<\/p>\n","protected":false},"author":5,"featured_media":0,"comment_status":"closed","ping_status":"open","sticky":false,"template":"","format":"standard","meta":[],"categories":[17],"tags":[],"_links":{"self":[{"href":"https:\/\/cla.unipv.it\/index.php?rest_route=\/wp\/v2\/posts\/52575"}],"collection":[{"href":"https:\/\/cla.unipv.it\/index.php?rest_route=\/wp\/v2\/posts"}],"about":[{"href":"https:\/\/cla.unipv.it\/index.php?rest_route=\/wp\/v2\/types\/post"}],"author":[{"embeddable":true,"href":"https:\/\/cla.unipv.it\/index.php?rest_route=\/wp\/v2\/users\/5"}],"replies":[{"embeddable":true,"href":"https:\/\/cla.unipv.it\/index.php?rest_route=%2Fwp%2Fv2%2Fcomments&post=52575"}],"version-history":[{"count":1,"href":"https:\/\/cla.unipv.it\/index.php?rest_route=\/wp\/v2\/posts\/52575\/revisions"}],"predecessor-version":[{"id":52576,"href":"https:\/\/cla.unipv.it\/index.php?rest_route=\/wp\/v2\/posts\/52575\/revisions\/52576"}],"wp:attachment":[{"href":"https:\/\/cla.unipv.it\/index.php?rest_route=%2Fwp%2Fv2%2Fmedia&parent=52575"}],"wp:term":[{"taxonomy":"category","embeddable":true,"href":"https:\/\/cla.unipv.it\/index.php?rest_route=%2Fwp%2Fv2%2Fcategories&post=52575"},{"taxonomy":"post_tag","embeddable":true,"href":"https:\/\/cla.unipv.it\/index.php?rest_route=%2Fwp%2Fv2%2Ftags&post=52575"}],"curies":[{"name":"wp","href":"https:\/\/api.w.org\/{rel}","templated":true}]}}