{"id":52545,"date":"2017-08-29T11:39:49","date_gmt":"2017-08-29T09:39:49","guid":{"rendered":"http:\/\/cla.unipv.it\/?p=52545"},"modified":"2017-08-31T09:16:26","modified_gmt":"2017-08-31T07:16:26","slug":"sospensione-autoapprendimento-22","status":"publish","type":"post","link":"https:\/\/cla.unipv.it\/?p=52545","title":{"rendered":"Sospensione autoapprendimento"},"content":{"rendered":"<p>AVVISO<\/p>\n<p>Si informano gli utenti che il servizio di autoapprendimento presso il Centro Linguistico laboratori sar\u00e0 sospeso nei seguenti giorni:<\/p>\n<ul>\n<li>gioved\u00ec 31 agosto 2017 dalle ore 12.00 per consentire lo svolgimento degli esami di lingua dei CEL<\/li>\n<li>luned\u00ec 4 settembre 2017 dalle ore 14.30 per consentire lo svolgimento degli esami di lingua dei CEL<\/li>\n<\/ul>\n","protected":false},"excerpt":{"rendered":"<p>AVVISO Si informano gli utenti che il servizio di autoapprendimento presso il Centro Linguistico laboratori sar\u00e0 sospeso nei seguenti giorni: gioved\u00ec 31 agosto 2017 dalle ore 12.00 per consentire lo svolgimento degli esami di lingua dei CEL luned\u00ec 4 settembre 2017 dalle ore 14.30 per consentire lo svolgimento degli esami di lingua dei CEL<\/p>\n","protected":false},"author":6,"featured_media":0,"comment_status":"closed","ping_status":"open","sticky":false,"template":"","format":"standard","meta":[],"categories":[1],"tags":[],"_links":{"self":[{"href":"https:\/\/cla.unipv.it\/index.php?rest_route=\/wp\/v2\/posts\/52545"}],"collection":[{"href":"https:\/\/cla.unipv.it\/index.php?rest_route=\/wp\/v2\/posts"}],"about":[{"href":"https:\/\/cla.unipv.it\/index.php?rest_route=\/wp\/v2\/types\/post"}],"author":[{"embeddable":true,"href":"https:\/\/cla.unipv.it\/index.php?rest_route=\/wp\/v2\/users\/6"}],"replies":[{"embeddable":true,"href":"https:\/\/cla.unipv.it\/index.php?rest_route=%2Fwp%2Fv2%2Fcomments&post=52545"}],"version-history":[{"count":2,"href":"https:\/\/cla.unipv.it\/index.php?rest_route=\/wp\/v2\/posts\/52545\/revisions"}],"predecessor-version":[{"id":52547,"href":"https:\/\/cla.unipv.it\/index.php?rest_route=\/wp\/v2\/posts\/52545\/revisions\/52547"}],"wp:attachment":[{"href":"https:\/\/cla.unipv.it\/index.php?rest_route=%2Fwp%2Fv2%2Fmedia&parent=52545"}],"wp:term":[{"taxonomy":"category","embeddable":true,"href":"https:\/\/cla.unipv.it\/index.php?rest_route=%2Fwp%2Fv2%2Fcategories&post=52545"},{"taxonomy":"post_tag","embeddable":true,"href":"https:\/\/cla.unipv.it\/index.php?rest_route=%2Fwp%2Fv2%2Ftags&post=52545"}],"curies":[{"name":"wp","href":"https:\/\/api.w.org\/{rel}","templated":true}]}}