{"id":52263,"date":"2017-07-01T20:50:32","date_gmt":"2017-07-01T18:50:32","guid":{"rendered":"http:\/\/cla.unipv.it\/?p=52263"},"modified":"2017-07-01T20:50:32","modified_gmt":"2017-07-01T18:50:32","slug":"52263","status":"publish","type":"post","link":"https:\/\/cla.unipv.it\/?p=52263","title":{"rendered":""},"content":{"rendered":"<h3>AVVISO Dott.ssa E. Moriana<\/h3>\n<p>DIPARTIMENTO DI SCIENZE POLITICHE E SOCIALI<br \/>\nCorso di Laurea in C.I.M.<br \/>\nAttivit\u00e0 CEL di <b> LINGUA SPAGNOLA &#8211; <\/b><br \/>\n&#8211; <\/p>\n<p>Si avvisano gli studenti che il ricevimento <\/p>\n<p>di mercoled\u00ec 5 luglio 2017 dalle 11 alle 13 \u00e8 sospeso, causa assemblea sindacale, e verr\u00e0 anticipato a marted\u00ec alla stessa ora.<\/p>\n","protected":false},"excerpt":{"rendered":"<p>AVVISO Dott.ssa E. Moriana DIPARTIMENTO DI SCIENZE POLITICHE E SOCIALI Corso di Laurea in C.I.M. Attivit\u00e0 CEL di LINGUA SPAGNOLA &#8211; &#8211; Si avvisano gli studenti che il ricevimento di mercoled\u00ec 5 luglio 2017 dalle 11 alle 13 \u00e8 sospeso, causa assemblea sindacale, e verr\u00e0 anticipato a marted\u00ec alla stessa ora.<\/p>\n","protected":false},"author":14,"featured_media":0,"comment_status":"closed","ping_status":"open","sticky":false,"template":"","format":"standard","meta":[],"categories":[17],"tags":[],"_links":{"self":[{"href":"https:\/\/cla.unipv.it\/index.php?rest_route=\/wp\/v2\/posts\/52263"}],"collection":[{"href":"https:\/\/cla.unipv.it\/index.php?rest_route=\/wp\/v2\/posts"}],"about":[{"href":"https:\/\/cla.unipv.it\/index.php?rest_route=\/wp\/v2\/types\/post"}],"author":[{"embeddable":true,"href":"https:\/\/cla.unipv.it\/index.php?rest_route=\/wp\/v2\/users\/14"}],"replies":[{"embeddable":true,"href":"https:\/\/cla.unipv.it\/index.php?rest_route=%2Fwp%2Fv2%2Fcomments&post=52263"}],"version-history":[{"count":1,"href":"https:\/\/cla.unipv.it\/index.php?rest_route=\/wp\/v2\/posts\/52263\/revisions"}],"predecessor-version":[{"id":52264,"href":"https:\/\/cla.unipv.it\/index.php?rest_route=\/wp\/v2\/posts\/52263\/revisions\/52264"}],"wp:attachment":[{"href":"https:\/\/cla.unipv.it\/index.php?rest_route=%2Fwp%2Fv2%2Fmedia&parent=52263"}],"wp:term":[{"taxonomy":"category","embeddable":true,"href":"https:\/\/cla.unipv.it\/index.php?rest_route=%2Fwp%2Fv2%2Fcategories&post=52263"},{"taxonomy":"post_tag","embeddable":true,"href":"https:\/\/cla.unipv.it\/index.php?rest_route=%2Fwp%2Fv2%2Ftags&post=52263"}],"curies":[{"name":"wp","href":"https:\/\/api.w.org\/{rel}","templated":true}]}}