{"id":52238,"date":"2017-06-22T10:04:31","date_gmt":"2017-06-22T08:04:31","guid":{"rendered":"http:\/\/cla.unipv.it\/?p=52238"},"modified":"2017-06-22T10:04:31","modified_gmt":"2017-06-22T08:04:31","slug":"52238","status":"publish","type":"post","link":"https:\/\/cla.unipv.it\/?p=52238","title":{"rendered":""},"content":{"rendered":"<h3>AVVISO Dott.ssa J. Heaulm\u00e9<\/h3>\n<p>DIPARTIMENTO DI SCIENZE POLITICHE E SOCIALI<br \/>\nCorso di Laurea in Comunicazione Professionale e Multimedialit\u00e0<br \/>\nAttivit\u00e0 CEL di <b> LINGUA FRANCESE 1 <\/b><br \/>\n2\u00b0 semestre <\/p>\n<p>Si avvisano gli studenti che il ricevimento <\/p>\n<p>del 29 giugno 2017 dalle 9 alle 11 \u00e8 sospeso.<\/p>\n","protected":false},"excerpt":{"rendered":"<p>AVVISO Dott.ssa J. Heaulm\u00e9 DIPARTIMENTO DI SCIENZE POLITICHE E SOCIALI Corso di Laurea in Comunicazione Professionale e Multimedialit\u00e0 Attivit\u00e0 CEL di LINGUA FRANCESE 1 2\u00b0 semestre Si avvisano gli studenti che il ricevimento del 29 giugno 2017 dalle 9 alle 11 \u00e8 sospeso.<\/p>\n","protected":false},"author":14,"featured_media":0,"comment_status":"closed","ping_status":"open","sticky":false,"template":"","format":"standard","meta":[],"categories":[17],"tags":[],"_links":{"self":[{"href":"https:\/\/cla.unipv.it\/index.php?rest_route=\/wp\/v2\/posts\/52238"}],"collection":[{"href":"https:\/\/cla.unipv.it\/index.php?rest_route=\/wp\/v2\/posts"}],"about":[{"href":"https:\/\/cla.unipv.it\/index.php?rest_route=\/wp\/v2\/types\/post"}],"author":[{"embeddable":true,"href":"https:\/\/cla.unipv.it\/index.php?rest_route=\/wp\/v2\/users\/14"}],"replies":[{"embeddable":true,"href":"https:\/\/cla.unipv.it\/index.php?rest_route=%2Fwp%2Fv2%2Fcomments&post=52238"}],"version-history":[{"count":1,"href":"https:\/\/cla.unipv.it\/index.php?rest_route=\/wp\/v2\/posts\/52238\/revisions"}],"predecessor-version":[{"id":52239,"href":"https:\/\/cla.unipv.it\/index.php?rest_route=\/wp\/v2\/posts\/52238\/revisions\/52239"}],"wp:attachment":[{"href":"https:\/\/cla.unipv.it\/index.php?rest_route=%2Fwp%2Fv2%2Fmedia&parent=52238"}],"wp:term":[{"taxonomy":"category","embeddable":true,"href":"https:\/\/cla.unipv.it\/index.php?rest_route=%2Fwp%2Fv2%2Fcategories&post=52238"},{"taxonomy":"post_tag","embeddable":true,"href":"https:\/\/cla.unipv.it\/index.php?rest_route=%2Fwp%2Fv2%2Ftags&post=52238"}],"curies":[{"name":"wp","href":"https:\/\/api.w.org\/{rel}","templated":true}]}}