{"id":52168,"date":"2017-05-18T09:08:16","date_gmt":"2017-05-18T07:08:16","guid":{"rendered":"http:\/\/cla.unipv.it\/?p=52168"},"modified":"2017-05-18T09:08:16","modified_gmt":"2017-05-18T07:08:16","slug":"52168","status":"publish","type":"post","link":"https:\/\/cla.unipv.it\/?p=52168","title":{"rendered":""},"content":{"rendered":"<h3>AVVISO Dott.ssa D. Correia<\/h3>\n<p>DIPARTIMENTO DI STUDI UMANISTICI<br \/>\nCorso di Laurea in Lingue e Culture Moderne<br \/>\nAttivit\u00e0 CEL di <b> LINGUA PORTOGHESE &#8211; <\/b><br \/>\n2\u00b0 semestre <\/p>\n<p>Si avvisano gli studenti che l&#8217;attivit\u00e0 didattica integrativa in aula <\/p>\n<p>di gioved\u00ec 18 maggio, per 1\u00b0-2\u00b0- 3\u00b0 anno, \u00e8 sospesa per motivi di salute.<br \/>\n Gli studenti sono pregati di inviare gli elaborati di preparazione al globale via mail.<br \/>\nL&#8217;attivit\u00e0 didattica in aula riprender\u00e0 marted\u00ec 23.<\/p>\n","protected":false},"excerpt":{"rendered":"<p>AVVISO Dott.ssa D. Correia DIPARTIMENTO DI STUDI UMANISTICI Corso di Laurea in Lingue e Culture Moderne Attivit\u00e0 CEL di LINGUA PORTOGHESE &#8211; 2\u00b0 semestre Si avvisano gli studenti che l&#8217;attivit\u00e0 didattica integrativa in aula di gioved\u00ec 18 maggio, per 1\u00b0-2\u00b0- 3\u00b0 anno, \u00e8 sospesa per motivi di salute. Gli studenti sono pregati di inviare gli&#8230;<\/p>\n","protected":false},"author":14,"featured_media":0,"comment_status":"closed","ping_status":"open","sticky":false,"template":"","format":"standard","meta":[],"categories":[17],"tags":[],"_links":{"self":[{"href":"https:\/\/cla.unipv.it\/index.php?rest_route=\/wp\/v2\/posts\/52168"}],"collection":[{"href":"https:\/\/cla.unipv.it\/index.php?rest_route=\/wp\/v2\/posts"}],"about":[{"href":"https:\/\/cla.unipv.it\/index.php?rest_route=\/wp\/v2\/types\/post"}],"author":[{"embeddable":true,"href":"https:\/\/cla.unipv.it\/index.php?rest_route=\/wp\/v2\/users\/14"}],"replies":[{"embeddable":true,"href":"https:\/\/cla.unipv.it\/index.php?rest_route=%2Fwp%2Fv2%2Fcomments&post=52168"}],"version-history":[{"count":1,"href":"https:\/\/cla.unipv.it\/index.php?rest_route=\/wp\/v2\/posts\/52168\/revisions"}],"predecessor-version":[{"id":52169,"href":"https:\/\/cla.unipv.it\/index.php?rest_route=\/wp\/v2\/posts\/52168\/revisions\/52169"}],"wp:attachment":[{"href":"https:\/\/cla.unipv.it\/index.php?rest_route=%2Fwp%2Fv2%2Fmedia&parent=52168"}],"wp:term":[{"taxonomy":"category","embeddable":true,"href":"https:\/\/cla.unipv.it\/index.php?rest_route=%2Fwp%2Fv2%2Fcategories&post=52168"},{"taxonomy":"post_tag","embeddable":true,"href":"https:\/\/cla.unipv.it\/index.php?rest_route=%2Fwp%2Fv2%2Ftags&post=52168"}],"curies":[{"name":"wp","href":"https:\/\/api.w.org\/{rel}","templated":true}]}}