{"id":52166,"date":"2017-05-17T17:41:08","date_gmt":"2017-05-17T15:41:08","guid":{"rendered":"http:\/\/cla.unipv.it\/?p=52166"},"modified":"2017-05-17T17:41:08","modified_gmt":"2017-05-17T15:41:08","slug":"52166","status":"publish","type":"post","link":"https:\/\/cla.unipv.it\/?p=52166","title":{"rendered":""},"content":{"rendered":"<h3>AVVISO Dott.ssa M. Mart\u00ednez Deyros<\/h3>\n<p>DIPARTIMENTO DI STUDI UMANISTICI<br \/>\nCorso di Laurea in Lingue e Culture Moderne<br \/>\nAttivit\u00e0 CEL di <b> LINGUA SPAGNOLA 1 <\/b><br \/>\n&#8211; <\/p>\n<p>Si avvisano gli studenti che &#8211; <\/p>\n<p>il luned\u00ec 29\/05 dalle ore 11 alle ore 13, presso l&#8217;aula ARC, si terr\u00e0 una sessione di allenamento e ripasso in preparazione all&#8217;esame globale.<\/p>\n","protected":false},"excerpt":{"rendered":"<p>AVVISO Dott.ssa M. Mart\u00ednez Deyros DIPARTIMENTO DI STUDI UMANISTICI Corso di Laurea in Lingue e Culture Moderne Attivit\u00e0 CEL di LINGUA SPAGNOLA 1 &#8211; Si avvisano gli studenti che &#8211; il luned\u00ec 29\/05 dalle ore 11 alle ore 13, presso l&#8217;aula ARC, si terr\u00e0 una sessione di allenamento e ripasso in preparazione all&#8217;esame globale.<\/p>\n","protected":false},"author":14,"featured_media":0,"comment_status":"closed","ping_status":"open","sticky":false,"template":"","format":"standard","meta":[],"categories":[17],"tags":[],"_links":{"self":[{"href":"https:\/\/cla.unipv.it\/index.php?rest_route=\/wp\/v2\/posts\/52166"}],"collection":[{"href":"https:\/\/cla.unipv.it\/index.php?rest_route=\/wp\/v2\/posts"}],"about":[{"href":"https:\/\/cla.unipv.it\/index.php?rest_route=\/wp\/v2\/types\/post"}],"author":[{"embeddable":true,"href":"https:\/\/cla.unipv.it\/index.php?rest_route=\/wp\/v2\/users\/14"}],"replies":[{"embeddable":true,"href":"https:\/\/cla.unipv.it\/index.php?rest_route=%2Fwp%2Fv2%2Fcomments&post=52166"}],"version-history":[{"count":1,"href":"https:\/\/cla.unipv.it\/index.php?rest_route=\/wp\/v2\/posts\/52166\/revisions"}],"predecessor-version":[{"id":52167,"href":"https:\/\/cla.unipv.it\/index.php?rest_route=\/wp\/v2\/posts\/52166\/revisions\/52167"}],"wp:attachment":[{"href":"https:\/\/cla.unipv.it\/index.php?rest_route=%2Fwp%2Fv2%2Fmedia&parent=52166"}],"wp:term":[{"taxonomy":"category","embeddable":true,"href":"https:\/\/cla.unipv.it\/index.php?rest_route=%2Fwp%2Fv2%2Fcategories&post=52166"},{"taxonomy":"post_tag","embeddable":true,"href":"https:\/\/cla.unipv.it\/index.php?rest_route=%2Fwp%2Fv2%2Ftags&post=52166"}],"curies":[{"name":"wp","href":"https:\/\/api.w.org\/{rel}","templated":true}]}}