{"id":52114,"date":"2017-04-26T19:01:26","date_gmt":"2017-04-26T17:01:26","guid":{"rendered":"http:\/\/cla.unipv.it\/?p=52114"},"modified":"2017-04-26T19:01:26","modified_gmt":"2017-04-26T17:01:26","slug":"52114","status":"publish","type":"post","link":"https:\/\/cla.unipv.it\/?p=52114","title":{"rendered":""},"content":{"rendered":"<h3>AVVISO Dott. H. Haidar<\/h3>\n<p>DIPARTIMENTO DI SCIENZE POLITICHE E SOCIALI<br \/>\nCorso di Laurea in Comunicazione Professionale e Multimedialit\u00e0<br \/>\nAttivit\u00e0 CEL di <b> LINGUA ARABA 1 <\/b><br \/>\n2\u00b0 semestre <\/p>\n<p>Si avvisano gli studenti che l&#8217;attivit\u00e0 didattica integrativa in aula <\/p>\n<p>8 del giorno gioved\u00ec 27\/04\/2017 \u00e8 sospesa e verr\u00e0 recuperata il giorno Venerd\u00ec 28 \/04\/2017 dalle ore 11 alle ore 17.<\/p>\n","protected":false},"excerpt":{"rendered":"<p>AVVISO Dott. H. Haidar DIPARTIMENTO DI SCIENZE POLITICHE E SOCIALI Corso di Laurea in Comunicazione Professionale e Multimedialit\u00e0 Attivit\u00e0 CEL di LINGUA ARABA 1 2\u00b0 semestre Si avvisano gli studenti che l&#8217;attivit\u00e0 didattica integrativa in aula 8 del giorno gioved\u00ec 27\/04\/2017 \u00e8 sospesa e verr\u00e0 recuperata il giorno Venerd\u00ec 28 \/04\/2017 dalle ore 11 alle&#8230;<\/p>\n","protected":false},"author":14,"featured_media":0,"comment_status":"closed","ping_status":"open","sticky":false,"template":"","format":"standard","meta":[],"categories":[17],"tags":[],"_links":{"self":[{"href":"https:\/\/cla.unipv.it\/index.php?rest_route=\/wp\/v2\/posts\/52114"}],"collection":[{"href":"https:\/\/cla.unipv.it\/index.php?rest_route=\/wp\/v2\/posts"}],"about":[{"href":"https:\/\/cla.unipv.it\/index.php?rest_route=\/wp\/v2\/types\/post"}],"author":[{"embeddable":true,"href":"https:\/\/cla.unipv.it\/index.php?rest_route=\/wp\/v2\/users\/14"}],"replies":[{"embeddable":true,"href":"https:\/\/cla.unipv.it\/index.php?rest_route=%2Fwp%2Fv2%2Fcomments&post=52114"}],"version-history":[{"count":1,"href":"https:\/\/cla.unipv.it\/index.php?rest_route=\/wp\/v2\/posts\/52114\/revisions"}],"predecessor-version":[{"id":52115,"href":"https:\/\/cla.unipv.it\/index.php?rest_route=\/wp\/v2\/posts\/52114\/revisions\/52115"}],"wp:attachment":[{"href":"https:\/\/cla.unipv.it\/index.php?rest_route=%2Fwp%2Fv2%2Fmedia&parent=52114"}],"wp:term":[{"taxonomy":"category","embeddable":true,"href":"https:\/\/cla.unipv.it\/index.php?rest_route=%2Fwp%2Fv2%2Fcategories&post=52114"},{"taxonomy":"post_tag","embeddable":true,"href":"https:\/\/cla.unipv.it\/index.php?rest_route=%2Fwp%2Fv2%2Ftags&post=52114"}],"curies":[{"name":"wp","href":"https:\/\/api.w.org\/{rel}","templated":true}]}}