{"id":52110,"date":"2017-04-25T20:23:35","date_gmt":"2017-04-25T18:23:35","guid":{"rendered":"http:\/\/cla.unipv.it\/?p=52110"},"modified":"2017-04-25T20:23:35","modified_gmt":"2017-04-25T18:23:35","slug":"52110","status":"publish","type":"post","link":"https:\/\/cla.unipv.it\/?p=52110","title":{"rendered":""},"content":{"rendered":"<h3>AVVISO Dott.ssa T. Manconi<\/h3>\n<p>DIPARTIMENTO DI STUDI UMANISTICI<br \/>\nCorso di Laurea in Lingue e Culture Moderne<br \/>\nAttivit\u00e0 CEL di <b> LINGUA FRANCESE 1 <\/b><br \/>\n2\u00b0 semestre <\/p>\n<p>Si avvisano gli studenti che l&#8217;attivit\u00e0 didattica integrativa in aula <\/p>\n<p>di questo mercoled\u00ec 26 aprile 2017 (modulo CEE, gruppo 3) \u00e8 sospesa. L&#8217;attivit\u00e0 didattica per Lingua francese 1 riprender\u00e0 venerd\u00ec 28 aprile.<\/p>\n","protected":false},"excerpt":{"rendered":"<p>AVVISO Dott.ssa T. Manconi DIPARTIMENTO DI STUDI UMANISTICI Corso di Laurea in Lingue e Culture Moderne Attivit\u00e0 CEL di LINGUA FRANCESE 1 2\u00b0 semestre Si avvisano gli studenti che l&#8217;attivit\u00e0 didattica integrativa in aula di questo mercoled\u00ec 26 aprile 2017 (modulo CEE, gruppo 3) \u00e8 sospesa. L&#8217;attivit\u00e0 didattica per Lingua francese 1 riprender\u00e0 venerd\u00ec 28&#8230;<\/p>\n","protected":false},"author":14,"featured_media":0,"comment_status":"closed","ping_status":"open","sticky":false,"template":"","format":"standard","meta":[],"categories":[17],"tags":[],"_links":{"self":[{"href":"https:\/\/cla.unipv.it\/index.php?rest_route=\/wp\/v2\/posts\/52110"}],"collection":[{"href":"https:\/\/cla.unipv.it\/index.php?rest_route=\/wp\/v2\/posts"}],"about":[{"href":"https:\/\/cla.unipv.it\/index.php?rest_route=\/wp\/v2\/types\/post"}],"author":[{"embeddable":true,"href":"https:\/\/cla.unipv.it\/index.php?rest_route=\/wp\/v2\/users\/14"}],"replies":[{"embeddable":true,"href":"https:\/\/cla.unipv.it\/index.php?rest_route=%2Fwp%2Fv2%2Fcomments&post=52110"}],"version-history":[{"count":1,"href":"https:\/\/cla.unipv.it\/index.php?rest_route=\/wp\/v2\/posts\/52110\/revisions"}],"predecessor-version":[{"id":52111,"href":"https:\/\/cla.unipv.it\/index.php?rest_route=\/wp\/v2\/posts\/52110\/revisions\/52111"}],"wp:attachment":[{"href":"https:\/\/cla.unipv.it\/index.php?rest_route=%2Fwp%2Fv2%2Fmedia&parent=52110"}],"wp:term":[{"taxonomy":"category","embeddable":true,"href":"https:\/\/cla.unipv.it\/index.php?rest_route=%2Fwp%2Fv2%2Fcategories&post=52110"},{"taxonomy":"post_tag","embeddable":true,"href":"https:\/\/cla.unipv.it\/index.php?rest_route=%2Fwp%2Fv2%2Ftags&post=52110"}],"curies":[{"name":"wp","href":"https:\/\/api.w.org\/{rel}","templated":true}]}}