{"id":51990,"date":"2017-03-10T08:48:50","date_gmt":"2017-03-10T07:48:50","guid":{"rendered":"http:\/\/cla.unipv.it\/?p=51990"},"modified":"2017-03-10T08:48:50","modified_gmt":"2017-03-10T07:48:50","slug":"51990","status":"publish","type":"post","link":"https:\/\/cla.unipv.it\/?p=51990","title":{"rendered":""},"content":{"rendered":"<h3>AVVISO Dott.ssa M. Mart\u00ednez Deyros<\/h3>\n<p>DIPARTIMENTO DI STUDI UMANISTICI<br \/>\nCorso di Laurea in Filosofia<br \/>\nAttivit\u00e0 CEL di <b> LINGUA SPAGNOLA -b <\/b><br \/>\n2\u00b0 semestre <\/p>\n<p>Si avvisano gli studenti che l&#8217;attivit\u00e0 didattica integrativa in aula <\/p>\n<p>VIII di Lettere (Luned\u00ec 9 &#8211; 11) si terr\u00e0 dal 13\/03\/2017 in aula ADL2.<\/p>\n","protected":false},"excerpt":{"rendered":"<p>AVVISO Dott.ssa M. Mart\u00ednez Deyros DIPARTIMENTO DI STUDI UMANISTICI Corso di Laurea in Filosofia Attivit\u00e0 CEL di LINGUA SPAGNOLA -b 2\u00b0 semestre Si avvisano gli studenti che l&#8217;attivit\u00e0 didattica integrativa in aula VIII di Lettere (Luned\u00ec 9 &#8211; 11) si terr\u00e0 dal 13\/03\/2017 in aula ADL2.<\/p>\n","protected":false},"author":14,"featured_media":0,"comment_status":"closed","ping_status":"open","sticky":false,"template":"","format":"standard","meta":[],"categories":[17],"tags":[],"_links":{"self":[{"href":"https:\/\/cla.unipv.it\/index.php?rest_route=\/wp\/v2\/posts\/51990"}],"collection":[{"href":"https:\/\/cla.unipv.it\/index.php?rest_route=\/wp\/v2\/posts"}],"about":[{"href":"https:\/\/cla.unipv.it\/index.php?rest_route=\/wp\/v2\/types\/post"}],"author":[{"embeddable":true,"href":"https:\/\/cla.unipv.it\/index.php?rest_route=\/wp\/v2\/users\/14"}],"replies":[{"embeddable":true,"href":"https:\/\/cla.unipv.it\/index.php?rest_route=%2Fwp%2Fv2%2Fcomments&post=51990"}],"version-history":[{"count":1,"href":"https:\/\/cla.unipv.it\/index.php?rest_route=\/wp\/v2\/posts\/51990\/revisions"}],"predecessor-version":[{"id":51991,"href":"https:\/\/cla.unipv.it\/index.php?rest_route=\/wp\/v2\/posts\/51990\/revisions\/51991"}],"wp:attachment":[{"href":"https:\/\/cla.unipv.it\/index.php?rest_route=%2Fwp%2Fv2%2Fmedia&parent=51990"}],"wp:term":[{"taxonomy":"category","embeddable":true,"href":"https:\/\/cla.unipv.it\/index.php?rest_route=%2Fwp%2Fv2%2Fcategories&post=51990"},{"taxonomy":"post_tag","embeddable":true,"href":"https:\/\/cla.unipv.it\/index.php?rest_route=%2Fwp%2Fv2%2Ftags&post=51990"}],"curies":[{"name":"wp","href":"https:\/\/api.w.org\/{rel}","templated":true}]}}