{"id":51597,"date":"2016-11-30T19:54:50","date_gmt":"2016-11-30T18:54:50","guid":{"rendered":"http:\/\/cla.unipv.it\/?p=51597"},"modified":"2016-11-30T19:54:50","modified_gmt":"2016-11-30T18:54:50","slug":"51597","status":"publish","type":"post","link":"https:\/\/cla.unipv.it\/?p=51597","title":{"rendered":""},"content":{"rendered":"<h3>AVVISO Dott.ssa M. Palencia<\/h3>\n<p>DIPARTIMENTO DI SCIENZE POLITICHE E SOCIALI<br \/>\n&#8211;<br \/>\nAttivit\u00e0 CEL di <b> LINGUA SPAGNOLA 1 <\/b><br \/>\n1\u00b0 semestre <\/p>\n<p>Si avvisano gli studenti che l&#8217;attivit\u00e0 didattica integrativa in aula di luned\u00ec 5\/12 \u00e8 sospesa. E&#8217; prevista attivit\u00e0 didattica di recupero marted\u00ec 6\/12 dalle 14:00 alle 16:00 in aula CL2 (Centro Linguistico laboratori &#8211; Cortile Sforzesco).<\/p>\n","protected":false},"excerpt":{"rendered":"<p>AVVISO Dott.ssa M. Palencia DIPARTIMENTO DI SCIENZE POLITICHE E SOCIALI &#8211; Attivit\u00e0 CEL di LINGUA SPAGNOLA 1 1\u00b0 semestre Si avvisano gli studenti che l&#8217;attivit\u00e0 didattica integrativa in aula di luned\u00ec 5\/12 \u00e8 sospesa. E&#8217; prevista attivit\u00e0 didattica di recupero marted\u00ec 6\/12 dalle 14:00 alle 16:00 in aula CL2 (Centro Linguistico laboratori &#8211; Cortile Sforzesco).<\/p>\n","protected":false},"author":14,"featured_media":0,"comment_status":"closed","ping_status":"open","sticky":false,"template":"","format":"standard","meta":[],"categories":[17],"tags":[],"_links":{"self":[{"href":"https:\/\/cla.unipv.it\/index.php?rest_route=\/wp\/v2\/posts\/51597"}],"collection":[{"href":"https:\/\/cla.unipv.it\/index.php?rest_route=\/wp\/v2\/posts"}],"about":[{"href":"https:\/\/cla.unipv.it\/index.php?rest_route=\/wp\/v2\/types\/post"}],"author":[{"embeddable":true,"href":"https:\/\/cla.unipv.it\/index.php?rest_route=\/wp\/v2\/users\/14"}],"replies":[{"embeddable":true,"href":"https:\/\/cla.unipv.it\/index.php?rest_route=%2Fwp%2Fv2%2Fcomments&post=51597"}],"version-history":[{"count":1,"href":"https:\/\/cla.unipv.it\/index.php?rest_route=\/wp\/v2\/posts\/51597\/revisions"}],"predecessor-version":[{"id":51598,"href":"https:\/\/cla.unipv.it\/index.php?rest_route=\/wp\/v2\/posts\/51597\/revisions\/51598"}],"wp:attachment":[{"href":"https:\/\/cla.unipv.it\/index.php?rest_route=%2Fwp%2Fv2%2Fmedia&parent=51597"}],"wp:term":[{"taxonomy":"category","embeddable":true,"href":"https:\/\/cla.unipv.it\/index.php?rest_route=%2Fwp%2Fv2%2Fcategories&post=51597"},{"taxonomy":"post_tag","embeddable":true,"href":"https:\/\/cla.unipv.it\/index.php?rest_route=%2Fwp%2Fv2%2Ftags&post=51597"}],"curies":[{"name":"wp","href":"https:\/\/api.w.org\/{rel}","templated":true}]}}