{"id":51583,"date":"2016-11-25T16:49:24","date_gmt":"2016-11-25T15:49:24","guid":{"rendered":"http:\/\/cla.unipv.it\/?p=51583"},"modified":"2016-11-25T16:49:24","modified_gmt":"2016-11-25T15:49:24","slug":"51583","status":"publish","type":"post","link":"https:\/\/cla.unipv.it\/?p=51583","title":{"rendered":""},"content":{"rendered":"<h3>AVVISO &#8211;<\/h3>\n<p>DIPARTIMENTO DI STUDI UMANISTICI<br \/>\nCorso di Laurea in Lingue e Culture Moderne<br \/>\nAttivit\u00e0 CEL di <b> LINGUA TEDESCA &#8211; <\/b><br \/>\n1\u00b0 semestre <\/p>\n<p>Si avvisano gli studenti che l&#8217;attivit\u00e0 didattica integrativa in aula della Dott.ssa Berndt sar\u00e0 impartito dalla Prof.ssa Mazza con i seguenti orari fino a gioved\u00ec, 1\/12\/2016,  (compreso): <\/p>\n<p>TEDESCO IA<br \/>\nGruppo 1: luned\u00ec 28, 9-11, aula SMU; Gruppo 2: luned\u00ec 28, 14-16, aula CL3; GRUPPO 3: marted\u00ec 29, 9-11 aula SMU.<\/p>\n<p>Restano invariate le ore di potenziamento.<\/p>\n<p>TEDESCO III<br \/>\nGruppo 1: luned\u00ec 28, 11-13, aula SMU; Gruppo 2: marted\u00ec 29, 14-16, aula II; Gruppo 3: gioved\u00ec 1, 9-11, aula CL3.<\/p>\n","protected":false},"excerpt":{"rendered":"<p>AVVISO &#8211; DIPARTIMENTO DI STUDI UMANISTICI Corso di Laurea in Lingue e Culture Moderne Attivit\u00e0 CEL di LINGUA TEDESCA &#8211; 1\u00b0 semestre Si avvisano gli studenti che l&#8217;attivit\u00e0 didattica integrativa in aula della Dott.ssa Berndt sar\u00e0 impartito dalla Prof.ssa Mazza con i seguenti orari fino a gioved\u00ec, 1\/12\/2016, (compreso): TEDESCO IA Gruppo 1: luned\u00ec 28,&#8230;<\/p>\n","protected":false},"author":14,"featured_media":0,"comment_status":"closed","ping_status":"open","sticky":false,"template":"","format":"standard","meta":[],"categories":[17],"tags":[],"_links":{"self":[{"href":"https:\/\/cla.unipv.it\/index.php?rest_route=\/wp\/v2\/posts\/51583"}],"collection":[{"href":"https:\/\/cla.unipv.it\/index.php?rest_route=\/wp\/v2\/posts"}],"about":[{"href":"https:\/\/cla.unipv.it\/index.php?rest_route=\/wp\/v2\/types\/post"}],"author":[{"embeddable":true,"href":"https:\/\/cla.unipv.it\/index.php?rest_route=\/wp\/v2\/users\/14"}],"replies":[{"embeddable":true,"href":"https:\/\/cla.unipv.it\/index.php?rest_route=%2Fwp%2Fv2%2Fcomments&post=51583"}],"version-history":[{"count":1,"href":"https:\/\/cla.unipv.it\/index.php?rest_route=\/wp\/v2\/posts\/51583\/revisions"}],"predecessor-version":[{"id":51584,"href":"https:\/\/cla.unipv.it\/index.php?rest_route=\/wp\/v2\/posts\/51583\/revisions\/51584"}],"wp:attachment":[{"href":"https:\/\/cla.unipv.it\/index.php?rest_route=%2Fwp%2Fv2%2Fmedia&parent=51583"}],"wp:term":[{"taxonomy":"category","embeddable":true,"href":"https:\/\/cla.unipv.it\/index.php?rest_route=%2Fwp%2Fv2%2Fcategories&post=51583"},{"taxonomy":"post_tag","embeddable":true,"href":"https:\/\/cla.unipv.it\/index.php?rest_route=%2Fwp%2Fv2%2Ftags&post=51583"}],"curies":[{"name":"wp","href":"https:\/\/api.w.org\/{rel}","templated":true}]}}