{"id":51551,"date":"2016-11-17T14:42:48","date_gmt":"2016-11-17T13:42:48","guid":{"rendered":"http:\/\/cla.unipv.it\/?p=51551"},"modified":"2016-11-17T14:42:48","modified_gmt":"2016-11-17T13:42:48","slug":"51551","status":"publish","type":"post","link":"https:\/\/cla.unipv.it\/?p=51551","title":{"rendered":""},"content":{"rendered":"<h3>AVVISO Dott. D. Harlos<\/h3>\n<p>DIPARTIMENTO DI STUDI UMANISTICI<br \/>\nCorso di Laurea in Lingue e Culture Moderne<br \/>\nAttivit\u00e0 CEL di <b> LINGUA TEDESCA 1 e 2 <\/b><br \/>\n1\u00b0 semestre <\/p>\n<p>Si avvisano gli studenti che tutte le attivit\u00e0 di venerd\u00ec 18 novembre 2016 sono sospese. <br \/>\nSi prega di controllare gli avvisi del CLA per la ripresa delle attivit\u00e0.<\/p>\n","protected":false},"excerpt":{"rendered":"<p>AVVISO Dott. D. Harlos DIPARTIMENTO DI STUDI UMANISTICI Corso di Laurea in Lingue e Culture Moderne Attivit\u00e0 CEL di LINGUA TEDESCA 1 e 2 1\u00b0 semestre Si avvisano gli studenti che tutte le attivit\u00e0 di venerd\u00ec 18 novembre 2016 sono sospese. Si prega di controllare gli avvisi del CLA per la ripresa delle attivit\u00e0.<\/p>\n","protected":false},"author":14,"featured_media":0,"comment_status":"closed","ping_status":"open","sticky":false,"template":"","format":"standard","meta":[],"categories":[17],"tags":[],"_links":{"self":[{"href":"https:\/\/cla.unipv.it\/index.php?rest_route=\/wp\/v2\/posts\/51551"}],"collection":[{"href":"https:\/\/cla.unipv.it\/index.php?rest_route=\/wp\/v2\/posts"}],"about":[{"href":"https:\/\/cla.unipv.it\/index.php?rest_route=\/wp\/v2\/types\/post"}],"author":[{"embeddable":true,"href":"https:\/\/cla.unipv.it\/index.php?rest_route=\/wp\/v2\/users\/14"}],"replies":[{"embeddable":true,"href":"https:\/\/cla.unipv.it\/index.php?rest_route=%2Fwp%2Fv2%2Fcomments&post=51551"}],"version-history":[{"count":1,"href":"https:\/\/cla.unipv.it\/index.php?rest_route=\/wp\/v2\/posts\/51551\/revisions"}],"predecessor-version":[{"id":51552,"href":"https:\/\/cla.unipv.it\/index.php?rest_route=\/wp\/v2\/posts\/51551\/revisions\/51552"}],"wp:attachment":[{"href":"https:\/\/cla.unipv.it\/index.php?rest_route=%2Fwp%2Fv2%2Fmedia&parent=51551"}],"wp:term":[{"taxonomy":"category","embeddable":true,"href":"https:\/\/cla.unipv.it\/index.php?rest_route=%2Fwp%2Fv2%2Fcategories&post=51551"},{"taxonomy":"post_tag","embeddable":true,"href":"https:\/\/cla.unipv.it\/index.php?rest_route=%2Fwp%2Fv2%2Ftags&post=51551"}],"curies":[{"name":"wp","href":"https:\/\/api.w.org\/{rel}","templated":true}]}}