{"id":51529,"date":"2016-11-08T17:13:21","date_gmt":"2016-11-08T16:13:21","guid":{"rendered":"http:\/\/cla.unipv.it\/?p=51529"},"modified":"2016-11-08T17:13:21","modified_gmt":"2016-11-08T16:13:21","slug":"51529","status":"publish","type":"post","link":"https:\/\/cla.unipv.it\/?p=51529","title":{"rendered":""},"content":{"rendered":"<h3>AVVISO Dott.ssa H. Fremdling<\/h3>\n<p>DIPARTIMENTO DI STUDI UMANISTICI<br \/>\nCorso di Laurea Magistrale in Linguistica teorica, applicata e delle lingue moderne<br \/>\nAttivit\u00e0 CEL di <b> LINGUA TEDESCA 1 e 2 <\/b><br \/>\n1\u00b0 semestre <\/p>\n<p>Si avvisano gli studenti che il ricevimento per al laurea magistrale da mercoled\u00ec 9.11. fino a mercoled\u00ec 21.12.2016 si svoleger\u00e0 come segue:<br \/>\nMercoled\u00ec dalle 16.00 alle 18.00 in Aula Marconi 1.<br \/>\nSi chiede gli studenti di presentarsi il 9.11. nella Marconi 1.<\/p>\n","protected":false},"excerpt":{"rendered":"<p>AVVISO Dott.ssa H. Fremdling DIPARTIMENTO DI STUDI UMANISTICI Corso di Laurea Magistrale in Linguistica teorica, applicata e delle lingue moderne Attivit\u00e0 CEL di LINGUA TEDESCA 1 e 2 1\u00b0 semestre Si avvisano gli studenti che il ricevimento per al laurea magistrale da mercoled\u00ec 9.11. fino a mercoled\u00ec 21.12.2016 si svoleger\u00e0 come segue: Mercoled\u00ec dalle 16.00&#8230;<\/p>\n","protected":false},"author":14,"featured_media":0,"comment_status":"closed","ping_status":"open","sticky":false,"template":"","format":"standard","meta":[],"categories":[17],"tags":[],"_links":{"self":[{"href":"https:\/\/cla.unipv.it\/index.php?rest_route=\/wp\/v2\/posts\/51529"}],"collection":[{"href":"https:\/\/cla.unipv.it\/index.php?rest_route=\/wp\/v2\/posts"}],"about":[{"href":"https:\/\/cla.unipv.it\/index.php?rest_route=\/wp\/v2\/types\/post"}],"author":[{"embeddable":true,"href":"https:\/\/cla.unipv.it\/index.php?rest_route=\/wp\/v2\/users\/14"}],"replies":[{"embeddable":true,"href":"https:\/\/cla.unipv.it\/index.php?rest_route=%2Fwp%2Fv2%2Fcomments&post=51529"}],"version-history":[{"count":1,"href":"https:\/\/cla.unipv.it\/index.php?rest_route=\/wp\/v2\/posts\/51529\/revisions"}],"predecessor-version":[{"id":51530,"href":"https:\/\/cla.unipv.it\/index.php?rest_route=\/wp\/v2\/posts\/51529\/revisions\/51530"}],"wp:attachment":[{"href":"https:\/\/cla.unipv.it\/index.php?rest_route=%2Fwp%2Fv2%2Fmedia&parent=51529"}],"wp:term":[{"taxonomy":"category","embeddable":true,"href":"https:\/\/cla.unipv.it\/index.php?rest_route=%2Fwp%2Fv2%2Fcategories&post=51529"},{"taxonomy":"post_tag","embeddable":true,"href":"https:\/\/cla.unipv.it\/index.php?rest_route=%2Fwp%2Fv2%2Ftags&post=51529"}],"curies":[{"name":"wp","href":"https:\/\/api.w.org\/{rel}","templated":true}]}}