{"id":51509,"date":"2016-11-01T20:10:27","date_gmt":"2016-11-01T19:10:27","guid":{"rendered":"http:\/\/cla.unipv.it\/?p=51509"},"modified":"2016-11-01T20:10:27","modified_gmt":"2016-11-01T19:10:27","slug":"51509","status":"publish","type":"post","link":"https:\/\/cla.unipv.it\/?p=51509","title":{"rendered":""},"content":{"rendered":"<h3>AVVISO Dott.ssa D. Correia<\/h3>\n<p>DIPARTIMENTO DI STUDI UMANISTICI<br \/>\nCorso di Laurea in Lingue e Culture Moderne<br \/>\nAttivit\u00e0 CEL di <b> LINGUA PORTOGHESE &#8211; <\/b><br \/>\n1\u00b0 semestre <\/p>\n<p>Si avvisano gli studenti che tutte le attivit\u00e0 di didattica integrativa di mercoled\u00ec 3 novembre &#8211; ore 11-13 in aula L7 (Port.1) e di gioved\u00ec 4 novembre &#8211; ore 14-16 in aula M1 (Port.3) e ore 16-18 in aula VIII (Port.2) sono sospese per motivi di salute.<\/p>\n","protected":false},"excerpt":{"rendered":"<p>AVVISO Dott.ssa D. Correia DIPARTIMENTO DI STUDI UMANISTICI Corso di Laurea in Lingue e Culture Moderne Attivit\u00e0 CEL di LINGUA PORTOGHESE &#8211; 1\u00b0 semestre Si avvisano gli studenti che tutte le attivit\u00e0 di didattica integrativa di mercoled\u00ec 3 novembre &#8211; ore 11-13 in aula L7 (Port.1) e di gioved\u00ec 4 novembre &#8211; ore 14-16 in&#8230;<\/p>\n","protected":false},"author":14,"featured_media":0,"comment_status":"closed","ping_status":"open","sticky":false,"template":"","format":"standard","meta":[],"categories":[17],"tags":[],"_links":{"self":[{"href":"https:\/\/cla.unipv.it\/index.php?rest_route=\/wp\/v2\/posts\/51509"}],"collection":[{"href":"https:\/\/cla.unipv.it\/index.php?rest_route=\/wp\/v2\/posts"}],"about":[{"href":"https:\/\/cla.unipv.it\/index.php?rest_route=\/wp\/v2\/types\/post"}],"author":[{"embeddable":true,"href":"https:\/\/cla.unipv.it\/index.php?rest_route=\/wp\/v2\/users\/14"}],"replies":[{"embeddable":true,"href":"https:\/\/cla.unipv.it\/index.php?rest_route=%2Fwp%2Fv2%2Fcomments&post=51509"}],"version-history":[{"count":1,"href":"https:\/\/cla.unipv.it\/index.php?rest_route=\/wp\/v2\/posts\/51509\/revisions"}],"predecessor-version":[{"id":51510,"href":"https:\/\/cla.unipv.it\/index.php?rest_route=\/wp\/v2\/posts\/51509\/revisions\/51510"}],"wp:attachment":[{"href":"https:\/\/cla.unipv.it\/index.php?rest_route=%2Fwp%2Fv2%2Fmedia&parent=51509"}],"wp:term":[{"taxonomy":"category","embeddable":true,"href":"https:\/\/cla.unipv.it\/index.php?rest_route=%2Fwp%2Fv2%2Fcategories&post=51509"},{"taxonomy":"post_tag","embeddable":true,"href":"https:\/\/cla.unipv.it\/index.php?rest_route=%2Fwp%2Fv2%2Ftags&post=51509"}],"curies":[{"name":"wp","href":"https:\/\/api.w.org\/{rel}","templated":true}]}}