{"id":51472,"date":"2016-10-17T17:36:47","date_gmt":"2016-10-17T15:36:47","guid":{"rendered":"http:\/\/cla.unipv.it\/?p=51472"},"modified":"2016-10-17T17:36:47","modified_gmt":"2016-10-17T15:36:47","slug":"51472","status":"publish","type":"post","link":"https:\/\/cla.unipv.it\/?p=51472","title":{"rendered":""},"content":{"rendered":"<h3>AVVISO Dott.ssa P. Esposito<\/h3>\n<p>DIPARTIMENTO DI SCIENZE ECONOMICHE E AZIENDALI<br \/>\n&#8211;<br \/>\nAttivit\u00e0 CEL di <b> LINGUA FRANCESE 1 <\/b><br \/>\n1\u00b0 semestre <\/p>\n<p>Si avvisano gli studenti che l&#8217;attivit\u00e0 didattica integrativa in aula del mercoled\u00ec  ore 14-16  \u00e8 spostata, a partire dal 18 ottobre, il marted\u00ec ore 14-16 in  aula E3 San Tommaso.<\/p>\n","protected":false},"excerpt":{"rendered":"<p>AVVISO Dott.ssa P. Esposito DIPARTIMENTO DI SCIENZE ECONOMICHE E AZIENDALI &#8211; Attivit\u00e0 CEL di LINGUA FRANCESE 1 1\u00b0 semestre Si avvisano gli studenti che l&#8217;attivit\u00e0 didattica integrativa in aula del mercoled\u00ec ore 14-16 \u00e8 spostata, a partire dal 18 ottobre, il marted\u00ec ore 14-16 in aula E3 San Tommaso.<\/p>\n","protected":false},"author":14,"featured_media":0,"comment_status":"closed","ping_status":"open","sticky":false,"template":"","format":"standard","meta":[],"categories":[17],"tags":[],"_links":{"self":[{"href":"https:\/\/cla.unipv.it\/index.php?rest_route=\/wp\/v2\/posts\/51472"}],"collection":[{"href":"https:\/\/cla.unipv.it\/index.php?rest_route=\/wp\/v2\/posts"}],"about":[{"href":"https:\/\/cla.unipv.it\/index.php?rest_route=\/wp\/v2\/types\/post"}],"author":[{"embeddable":true,"href":"https:\/\/cla.unipv.it\/index.php?rest_route=\/wp\/v2\/users\/14"}],"replies":[{"embeddable":true,"href":"https:\/\/cla.unipv.it\/index.php?rest_route=%2Fwp%2Fv2%2Fcomments&post=51472"}],"version-history":[{"count":1,"href":"https:\/\/cla.unipv.it\/index.php?rest_route=\/wp\/v2\/posts\/51472\/revisions"}],"predecessor-version":[{"id":51473,"href":"https:\/\/cla.unipv.it\/index.php?rest_route=\/wp\/v2\/posts\/51472\/revisions\/51473"}],"wp:attachment":[{"href":"https:\/\/cla.unipv.it\/index.php?rest_route=%2Fwp%2Fv2%2Fmedia&parent=51472"}],"wp:term":[{"taxonomy":"category","embeddable":true,"href":"https:\/\/cla.unipv.it\/index.php?rest_route=%2Fwp%2Fv2%2Fcategories&post=51472"},{"taxonomy":"post_tag","embeddable":true,"href":"https:\/\/cla.unipv.it\/index.php?rest_route=%2Fwp%2Fv2%2Ftags&post=51472"}],"curies":[{"name":"wp","href":"https:\/\/api.w.org\/{rel}","templated":true}]}}