{"id":51127,"date":"2016-06-24T16:36:12","date_gmt":"2016-06-24T14:36:12","guid":{"rendered":"http:\/\/cla.unipv.it\/?p=51127"},"modified":"2016-06-24T16:36:12","modified_gmt":"2016-06-24T14:36:12","slug":"51127","status":"publish","type":"post","link":"https:\/\/cla.unipv.it\/?p=51127","title":{"rendered":""},"content":{"rendered":"<h3>AVVISO Dott.ssa J. Heaulm\u00e9<\/h3>\n<p>DIPARTIMENTO DI SCIENZE POLITICHE E SOCIALI<br \/>\nCorso di Laurea in Comunicazione Professionale e Multimedialit\u00e0<br \/>\nAttivit\u00e0 CEL di <b> LINGUA FRANCESE 1 <\/b><br \/>\n2\u00b0 semestre <\/p>\n<p>Si avvisano gli studenti che il ricevimento Il ricevimento previsto il 7\/7\/2016 dalle 9 alle ore 11 \u00e8 sospeso e anticipato al 6\/7\/2016 dalle ore 9 alle ore 11.<\/p>\n","protected":false},"excerpt":{"rendered":"<p>AVVISO Dott.ssa J. Heaulm\u00e9 DIPARTIMENTO DI SCIENZE POLITICHE E SOCIALI Corso di Laurea in Comunicazione Professionale e Multimedialit\u00e0 Attivit\u00e0 CEL di LINGUA FRANCESE 1 2\u00b0 semestre Si avvisano gli studenti che il ricevimento Il ricevimento previsto il 7\/7\/2016 dalle 9 alle ore 11 \u00e8 sospeso e anticipato al 6\/7\/2016 dalle ore 9 alle ore 11.<\/p>\n","protected":false},"author":14,"featured_media":0,"comment_status":"closed","ping_status":"open","sticky":false,"template":"","format":"standard","meta":[],"categories":[17],"tags":[],"_links":{"self":[{"href":"https:\/\/cla.unipv.it\/index.php?rest_route=\/wp\/v2\/posts\/51127"}],"collection":[{"href":"https:\/\/cla.unipv.it\/index.php?rest_route=\/wp\/v2\/posts"}],"about":[{"href":"https:\/\/cla.unipv.it\/index.php?rest_route=\/wp\/v2\/types\/post"}],"author":[{"embeddable":true,"href":"https:\/\/cla.unipv.it\/index.php?rest_route=\/wp\/v2\/users\/14"}],"replies":[{"embeddable":true,"href":"https:\/\/cla.unipv.it\/index.php?rest_route=%2Fwp%2Fv2%2Fcomments&post=51127"}],"version-history":[{"count":1,"href":"https:\/\/cla.unipv.it\/index.php?rest_route=\/wp\/v2\/posts\/51127\/revisions"}],"predecessor-version":[{"id":51128,"href":"https:\/\/cla.unipv.it\/index.php?rest_route=\/wp\/v2\/posts\/51127\/revisions\/51128"}],"wp:attachment":[{"href":"https:\/\/cla.unipv.it\/index.php?rest_route=%2Fwp%2Fv2%2Fmedia&parent=51127"}],"wp:term":[{"taxonomy":"category","embeddable":true,"href":"https:\/\/cla.unipv.it\/index.php?rest_route=%2Fwp%2Fv2%2Fcategories&post=51127"},{"taxonomy":"post_tag","embeddable":true,"href":"https:\/\/cla.unipv.it\/index.php?rest_route=%2Fwp%2Fv2%2Ftags&post=51127"}],"curies":[{"name":"wp","href":"https:\/\/api.w.org\/{rel}","templated":true}]}}