{"id":51096,"date":"2016-06-09T13:58:01","date_gmt":"2016-06-09T11:58:01","guid":{"rendered":"http:\/\/cla.unipv.it\/?p=51096"},"modified":"2016-06-09T13:58:01","modified_gmt":"2016-06-09T11:58:01","slug":"sospensione-autoapprendimento-10","status":"publish","type":"post","link":"https:\/\/cla.unipv.it\/?p=51096","title":{"rendered":"Sospensione autoapprendimento"},"content":{"rendered":"<p>Si informano gli utenti che il servizio di autoapprendimento sar\u00e0 sospeso <strong>da mercoled\u00ec 15 giugno a venerd\u00ec 1 luglio 2016<\/strong> per consentire l\u2019installazione delle nuove attrezzature di laboratorio linguistico nell\u2019aula 1 del Centro.<\/p>\n","protected":false},"excerpt":{"rendered":"<p>Si informano gli utenti che il servizio di autoapprendimento sar\u00e0 sospeso da mercoled\u00ec 15 giugno a venerd\u00ec 1 luglio 2016 per consentire l\u2019installazione delle nuove attrezzature di laboratorio linguistico nell\u2019aula 1 del Centro.<\/p>\n","protected":false},"author":7,"featured_media":0,"comment_status":"closed","ping_status":"open","sticky":false,"template":"","format":"standard","meta":[],"categories":[17],"tags":[],"_links":{"self":[{"href":"https:\/\/cla.unipv.it\/index.php?rest_route=\/wp\/v2\/posts\/51096"}],"collection":[{"href":"https:\/\/cla.unipv.it\/index.php?rest_route=\/wp\/v2\/posts"}],"about":[{"href":"https:\/\/cla.unipv.it\/index.php?rest_route=\/wp\/v2\/types\/post"}],"author":[{"embeddable":true,"href":"https:\/\/cla.unipv.it\/index.php?rest_route=\/wp\/v2\/users\/7"}],"replies":[{"embeddable":true,"href":"https:\/\/cla.unipv.it\/index.php?rest_route=%2Fwp%2Fv2%2Fcomments&post=51096"}],"version-history":[{"count":1,"href":"https:\/\/cla.unipv.it\/index.php?rest_route=\/wp\/v2\/posts\/51096\/revisions"}],"predecessor-version":[{"id":51097,"href":"https:\/\/cla.unipv.it\/index.php?rest_route=\/wp\/v2\/posts\/51096\/revisions\/51097"}],"wp:attachment":[{"href":"https:\/\/cla.unipv.it\/index.php?rest_route=%2Fwp%2Fv2%2Fmedia&parent=51096"}],"wp:term":[{"taxonomy":"category","embeddable":true,"href":"https:\/\/cla.unipv.it\/index.php?rest_route=%2Fwp%2Fv2%2Fcategories&post=51096"},{"taxonomy":"post_tag","embeddable":true,"href":"https:\/\/cla.unipv.it\/index.php?rest_route=%2Fwp%2Fv2%2Ftags&post=51096"}],"curies":[{"name":"wp","href":"https:\/\/api.w.org\/{rel}","templated":true}]}}