{"id":51071,"date":"2016-06-06T19:53:12","date_gmt":"2016-06-06T17:53:12","guid":{"rendered":"http:\/\/cla.unipv.it\/?p=51071"},"modified":"2016-06-06T19:53:12","modified_gmt":"2016-06-06T17:53:12","slug":"51071","status":"publish","type":"post","link":"https:\/\/cla.unipv.it\/?p=51071","title":{"rendered":""},"content":{"rendered":"<h3>AVVISO Dott. H. Haidar<\/h3>\n<p>DIPARTIMENTO DI SCIENZE POLITICHE E SOCIALI<br \/>\nCorso di Laurea in C.I.M.<br \/>\nAttivit\u00e0 CEL di <b> LINGUA ARABA 1 e 2 <\/b><br \/>\n2\u00b0 semestre <\/p>\n<p>Si avvisano gli studenti che l&#8217;attivit\u00e0 didattica integrativa in aula 8 avr\u00e0 inizio dalle ore 11  alle ore 16, Mercoled\u00ec 8 \/06\/2016.<\/p>\n","protected":false},"excerpt":{"rendered":"<p>AVVISO Dott. H. Haidar DIPARTIMENTO DI SCIENZE POLITICHE E SOCIALI Corso di Laurea in C.I.M. Attivit\u00e0 CEL di LINGUA ARABA 1 e 2 2\u00b0 semestre Si avvisano gli studenti che l&#8217;attivit\u00e0 didattica integrativa in aula 8 avr\u00e0 inizio dalle ore 11 alle ore 16, Mercoled\u00ec 8 \/06\/2016.<\/p>\n","protected":false},"author":14,"featured_media":0,"comment_status":"closed","ping_status":"open","sticky":false,"template":"","format":"standard","meta":[],"categories":[17],"tags":[],"_links":{"self":[{"href":"https:\/\/cla.unipv.it\/index.php?rest_route=\/wp\/v2\/posts\/51071"}],"collection":[{"href":"https:\/\/cla.unipv.it\/index.php?rest_route=\/wp\/v2\/posts"}],"about":[{"href":"https:\/\/cla.unipv.it\/index.php?rest_route=\/wp\/v2\/types\/post"}],"author":[{"embeddable":true,"href":"https:\/\/cla.unipv.it\/index.php?rest_route=\/wp\/v2\/users\/14"}],"replies":[{"embeddable":true,"href":"https:\/\/cla.unipv.it\/index.php?rest_route=%2Fwp%2Fv2%2Fcomments&post=51071"}],"version-history":[{"count":1,"href":"https:\/\/cla.unipv.it\/index.php?rest_route=\/wp\/v2\/posts\/51071\/revisions"}],"predecessor-version":[{"id":51072,"href":"https:\/\/cla.unipv.it\/index.php?rest_route=\/wp\/v2\/posts\/51071\/revisions\/51072"}],"wp:attachment":[{"href":"https:\/\/cla.unipv.it\/index.php?rest_route=%2Fwp%2Fv2%2Fmedia&parent=51071"}],"wp:term":[{"taxonomy":"category","embeddable":true,"href":"https:\/\/cla.unipv.it\/index.php?rest_route=%2Fwp%2Fv2%2Fcategories&post=51071"},{"taxonomy":"post_tag","embeddable":true,"href":"https:\/\/cla.unipv.it\/index.php?rest_route=%2Fwp%2Fv2%2Ftags&post=51071"}],"curies":[{"name":"wp","href":"https:\/\/api.w.org\/{rel}","templated":true}]}}