{"id":51069,"date":"2016-06-06T18:42:57","date_gmt":"2016-06-06T16:42:57","guid":{"rendered":"http:\/\/cla.unipv.it\/?p=51069"},"modified":"2016-06-06T18:42:57","modified_gmt":"2016-06-06T16:42:57","slug":"51069","status":"publish","type":"post","link":"https:\/\/cla.unipv.it\/?p=51069","title":{"rendered":""},"content":{"rendered":"<h3>AVVISO Dott.ssa E. Moriana<\/h3>\n<p>DIPARTIMENTO DI SCIENZE POLITICHE E SOCIALI<br \/>\nCorso di Laurea in Comunicazione Professionale e Multimedialit\u00e0<br \/>\nAttivit\u00e0 CEL di <b> LINGUA SPAGNOLA 1 <\/b><br \/>\n&#8211; <\/p>\n<p>Si avvisano gli studenti che il ricevimento di venerd\u00ec 10 giugno \u00e8 sospeso.<\/p>\n","protected":false},"excerpt":{"rendered":"<p>AVVISO Dott.ssa E. Moriana DIPARTIMENTO DI SCIENZE POLITICHE E SOCIALI Corso di Laurea in Comunicazione Professionale e Multimedialit\u00e0 Attivit\u00e0 CEL di LINGUA SPAGNOLA 1 &#8211; Si avvisano gli studenti che il ricevimento di venerd\u00ec 10 giugno \u00e8 sospeso.<\/p>\n","protected":false},"author":14,"featured_media":0,"comment_status":"closed","ping_status":"open","sticky":false,"template":"","format":"standard","meta":[],"categories":[17],"tags":[],"_links":{"self":[{"href":"https:\/\/cla.unipv.it\/index.php?rest_route=\/wp\/v2\/posts\/51069"}],"collection":[{"href":"https:\/\/cla.unipv.it\/index.php?rest_route=\/wp\/v2\/posts"}],"about":[{"href":"https:\/\/cla.unipv.it\/index.php?rest_route=\/wp\/v2\/types\/post"}],"author":[{"embeddable":true,"href":"https:\/\/cla.unipv.it\/index.php?rest_route=\/wp\/v2\/users\/14"}],"replies":[{"embeddable":true,"href":"https:\/\/cla.unipv.it\/index.php?rest_route=%2Fwp%2Fv2%2Fcomments&post=51069"}],"version-history":[{"count":1,"href":"https:\/\/cla.unipv.it\/index.php?rest_route=\/wp\/v2\/posts\/51069\/revisions"}],"predecessor-version":[{"id":51070,"href":"https:\/\/cla.unipv.it\/index.php?rest_route=\/wp\/v2\/posts\/51069\/revisions\/51070"}],"wp:attachment":[{"href":"https:\/\/cla.unipv.it\/index.php?rest_route=%2Fwp%2Fv2%2Fmedia&parent=51069"}],"wp:term":[{"taxonomy":"category","embeddable":true,"href":"https:\/\/cla.unipv.it\/index.php?rest_route=%2Fwp%2Fv2%2Fcategories&post=51069"},{"taxonomy":"post_tag","embeddable":true,"href":"https:\/\/cla.unipv.it\/index.php?rest_route=%2Fwp%2Fv2%2Ftags&post=51069"}],"curies":[{"name":"wp","href":"https:\/\/api.w.org\/{rel}","templated":true}]}}