{"id":51058,"date":"2016-05-30T23:57:41","date_gmt":"2016-05-30T21:57:41","guid":{"rendered":"http:\/\/cla.unipv.it\/?p=51058"},"modified":"2016-05-30T23:57:41","modified_gmt":"2016-05-30T21:57:41","slug":"51058","status":"publish","type":"post","link":"https:\/\/cla.unipv.it\/?p=51058","title":{"rendered":""},"content":{"rendered":"<h3>AVVISO Dott.ssa D. Correia<\/h3>\n<p>DIPARTIMENTO DI STUDI UMANISTICI<br \/>\nCorso di Laurea in Lingue e Culture Moderne<br \/>\nAttivit\u00e0 CEL di <b> LINGUA PORTOGHESE &#8211; <\/b><br \/>\n2\u00b0 semestre <\/p>\n<p>Si avvisano gli studenti che &#8211; l&#8217;attivit\u00e0 didattica di preparazione alle prove  si terr\u00e0 marted\u00ec 31 maggio.<\/p>\n","protected":false},"excerpt":{"rendered":"<p>AVVISO Dott.ssa D. Correia DIPARTIMENTO DI STUDI UMANISTICI Corso di Laurea in Lingue e Culture Moderne Attivit\u00e0 CEL di LINGUA PORTOGHESE &#8211; 2\u00b0 semestre Si avvisano gli studenti che &#8211; l&#8217;attivit\u00e0 didattica di preparazione alle prove si terr\u00e0 marted\u00ec 31 maggio.<\/p>\n","protected":false},"author":14,"featured_media":0,"comment_status":"closed","ping_status":"open","sticky":false,"template":"","format":"standard","meta":[],"categories":[17],"tags":[],"_links":{"self":[{"href":"https:\/\/cla.unipv.it\/index.php?rest_route=\/wp\/v2\/posts\/51058"}],"collection":[{"href":"https:\/\/cla.unipv.it\/index.php?rest_route=\/wp\/v2\/posts"}],"about":[{"href":"https:\/\/cla.unipv.it\/index.php?rest_route=\/wp\/v2\/types\/post"}],"author":[{"embeddable":true,"href":"https:\/\/cla.unipv.it\/index.php?rest_route=\/wp\/v2\/users\/14"}],"replies":[{"embeddable":true,"href":"https:\/\/cla.unipv.it\/index.php?rest_route=%2Fwp%2Fv2%2Fcomments&post=51058"}],"version-history":[{"count":1,"href":"https:\/\/cla.unipv.it\/index.php?rest_route=\/wp\/v2\/posts\/51058\/revisions"}],"predecessor-version":[{"id":51059,"href":"https:\/\/cla.unipv.it\/index.php?rest_route=\/wp\/v2\/posts\/51058\/revisions\/51059"}],"wp:attachment":[{"href":"https:\/\/cla.unipv.it\/index.php?rest_route=%2Fwp%2Fv2%2Fmedia&parent=51058"}],"wp:term":[{"taxonomy":"category","embeddable":true,"href":"https:\/\/cla.unipv.it\/index.php?rest_route=%2Fwp%2Fv2%2Fcategories&post=51058"},{"taxonomy":"post_tag","embeddable":true,"href":"https:\/\/cla.unipv.it\/index.php?rest_route=%2Fwp%2Fv2%2Ftags&post=51058"}],"curies":[{"name":"wp","href":"https:\/\/api.w.org\/{rel}","templated":true}]}}