{"id":50966,"date":"2016-05-06T08:33:32","date_gmt":"2016-05-06T06:33:32","guid":{"rendered":"http:\/\/cla.unipv.it\/?p=50966"},"modified":"2016-05-06T08:33:32","modified_gmt":"2016-05-06T06:33:32","slug":"50966","status":"publish","type":"post","link":"https:\/\/cla.unipv.it\/?p=50966","title":{"rendered":""},"content":{"rendered":"<h3>AVVISO Dott.ssa T. Manconi<\/h3>\n<p>DIPARTIMENTO DI STUDI UMANISTICI<br \/>\nCorso di Laurea in Lingue e Culture Moderne<br \/>\nAttivit\u00e0 CEL di <b> LINGUA FRANCESE 1 <\/b><br \/>\n2\u00b0 semestre <\/p>\n<p>Si avvisano gli studenti che l&#8217;attivit\u00e0 didattica integrativa in aula per il modulo di Grammaire 1B\/Production \u00e9crite si concluder\u00e0 gioved\u00ec 12 maggio, con il gruppo 3 (9-11). Nelle giornate del 12 (dalle 14 alle 16) e del 13 maggio (ore 9-11, 14-16 e 16-18) gli studenti potranno sottoporsi a una simulazione della prova di Grammaire 1B\/Production \u00e9crite. Si avvisano altres\u00ec gli studenti che il ricevimento di quest&#8217;oggi (venerd\u00ec 6 maggio) \u00e8 sospeso, per impegni sindacali. Vi sar\u00e0 un ricevimento luned\u00ec 9 maggio, dalle ore 10 alle ore 11.<\/p>\n","protected":false},"excerpt":{"rendered":"<p>AVVISO Dott.ssa T. Manconi DIPARTIMENTO DI STUDI UMANISTICI Corso di Laurea in Lingue e Culture Moderne Attivit\u00e0 CEL di LINGUA FRANCESE 1 2\u00b0 semestre Si avvisano gli studenti che l&#8217;attivit\u00e0 didattica integrativa in aula per il modulo di Grammaire 1B\/Production \u00e9crite si concluder\u00e0 gioved\u00ec 12 maggio, con il gruppo 3 (9-11). Nelle giornate del 12&#8230;<\/p>\n","protected":false},"author":14,"featured_media":0,"comment_status":"closed","ping_status":"open","sticky":false,"template":"","format":"standard","meta":[],"categories":[17],"tags":[],"_links":{"self":[{"href":"https:\/\/cla.unipv.it\/index.php?rest_route=\/wp\/v2\/posts\/50966"}],"collection":[{"href":"https:\/\/cla.unipv.it\/index.php?rest_route=\/wp\/v2\/posts"}],"about":[{"href":"https:\/\/cla.unipv.it\/index.php?rest_route=\/wp\/v2\/types\/post"}],"author":[{"embeddable":true,"href":"https:\/\/cla.unipv.it\/index.php?rest_route=\/wp\/v2\/users\/14"}],"replies":[{"embeddable":true,"href":"https:\/\/cla.unipv.it\/index.php?rest_route=%2Fwp%2Fv2%2Fcomments&post=50966"}],"version-history":[{"count":1,"href":"https:\/\/cla.unipv.it\/index.php?rest_route=\/wp\/v2\/posts\/50966\/revisions"}],"predecessor-version":[{"id":50967,"href":"https:\/\/cla.unipv.it\/index.php?rest_route=\/wp\/v2\/posts\/50966\/revisions\/50967"}],"wp:attachment":[{"href":"https:\/\/cla.unipv.it\/index.php?rest_route=%2Fwp%2Fv2%2Fmedia&parent=50966"}],"wp:term":[{"taxonomy":"category","embeddable":true,"href":"https:\/\/cla.unipv.it\/index.php?rest_route=%2Fwp%2Fv2%2Fcategories&post=50966"},{"taxonomy":"post_tag","embeddable":true,"href":"https:\/\/cla.unipv.it\/index.php?rest_route=%2Fwp%2Fv2%2Ftags&post=50966"}],"curies":[{"name":"wp","href":"https:\/\/api.w.org\/{rel}","templated":true}]}}