{"id":50942,"date":"2016-04-26T11:33:24","date_gmt":"2016-04-26T09:33:24","guid":{"rendered":"http:\/\/cla.unipv.it\/?p=50942"},"modified":"2016-04-26T11:33:24","modified_gmt":"2016-04-26T09:33:24","slug":"50942","status":"publish","type":"post","link":"https:\/\/cla.unipv.it\/?p=50942","title":{"rendered":""},"content":{"rendered":"<h3>AVVISO Dott.ssa M. Palencia<\/h3>\n<p>DIPARTIMENTO DI SCIENZE POLITICHE E SOCIALI<br \/>\n&#8211;<br \/>\nAttivit\u00e0 CEL di <b> LINGUA SPAGNOLA 1 <\/b><br \/>\n2\u00b0 semestre <\/p>\n<p>Si avvisano gli studenti che l&#8217;attivit\u00e0 didattica integrativa di recupero si svolger\u00e0 venerd\u00ec 6 maggio dalle 11:00 alle 13:00 in aula CL3.<\/p>\n","protected":false},"excerpt":{"rendered":"<p>AVVISO Dott.ssa M. Palencia DIPARTIMENTO DI SCIENZE POLITICHE E SOCIALI &#8211; Attivit\u00e0 CEL di LINGUA SPAGNOLA 1 2\u00b0 semestre Si avvisano gli studenti che l&#8217;attivit\u00e0 didattica integrativa di recupero si svolger\u00e0 venerd\u00ec 6 maggio dalle 11:00 alle 13:00 in aula CL3.<\/p>\n","protected":false},"author":14,"featured_media":0,"comment_status":"closed","ping_status":"open","sticky":false,"template":"","format":"standard","meta":[],"categories":[17],"tags":[],"_links":{"self":[{"href":"https:\/\/cla.unipv.it\/index.php?rest_route=\/wp\/v2\/posts\/50942"}],"collection":[{"href":"https:\/\/cla.unipv.it\/index.php?rest_route=\/wp\/v2\/posts"}],"about":[{"href":"https:\/\/cla.unipv.it\/index.php?rest_route=\/wp\/v2\/types\/post"}],"author":[{"embeddable":true,"href":"https:\/\/cla.unipv.it\/index.php?rest_route=\/wp\/v2\/users\/14"}],"replies":[{"embeddable":true,"href":"https:\/\/cla.unipv.it\/index.php?rest_route=%2Fwp%2Fv2%2Fcomments&post=50942"}],"version-history":[{"count":1,"href":"https:\/\/cla.unipv.it\/index.php?rest_route=\/wp\/v2\/posts\/50942\/revisions"}],"predecessor-version":[{"id":50943,"href":"https:\/\/cla.unipv.it\/index.php?rest_route=\/wp\/v2\/posts\/50942\/revisions\/50943"}],"wp:attachment":[{"href":"https:\/\/cla.unipv.it\/index.php?rest_route=%2Fwp%2Fv2%2Fmedia&parent=50942"}],"wp:term":[{"taxonomy":"category","embeddable":true,"href":"https:\/\/cla.unipv.it\/index.php?rest_route=%2Fwp%2Fv2%2Fcategories&post=50942"},{"taxonomy":"post_tag","embeddable":true,"href":"https:\/\/cla.unipv.it\/index.php?rest_route=%2Fwp%2Fv2%2Ftags&post=50942"}],"curies":[{"name":"wp","href":"https:\/\/api.w.org\/{rel}","templated":true}]}}