{"id":50811,"date":"2016-02-26T12:44:28","date_gmt":"2016-02-26T11:44:28","guid":{"rendered":"http:\/\/cla.unipv.it\/?p=50811"},"modified":"2016-02-26T12:44:28","modified_gmt":"2016-02-26T11:44:28","slug":"50811","status":"publish","type":"post","link":"https:\/\/cla.unipv.it\/?p=50811","title":{"rendered":""},"content":{"rendered":"<h3>AVVISO Dott.ssa H. Fremdling<\/h3>\n<p>DIPARTIMENTO DI SCIENZE POLITICHE E SOCIALI<br \/>\nCorso di Laurea in C.I.M.<br \/>\nAttivit\u00e0 CEL di <b> LINGUA TEDESCA 1 e 2 <\/b><br \/>\n2\u00b0 semestre <\/p>\n<p>Si avvisano gli studenti che l&#8217;attivit\u00e0 didattica integrativa in aula del luned\u00ec 29.03.2016 sar\u00e0 anche un incontro sulle modalit\u00e0 della prova propedeutica scritta di lingua tedesca . Si chiede perci\u00f2 anche gli studenti di Scienze politiche Tedesco 2\/-b di presentarsi in Aula C di Scienze Politiche verso le 10.40.<\/p>\n","protected":false},"excerpt":{"rendered":"<p>AVVISO Dott.ssa H. Fremdling DIPARTIMENTO DI SCIENZE POLITICHE E SOCIALI Corso di Laurea in C.I.M. Attivit\u00e0 CEL di LINGUA TEDESCA 1 e 2 2\u00b0 semestre Si avvisano gli studenti che l&#8217;attivit\u00e0 didattica integrativa in aula del luned\u00ec 29.03.2016 sar\u00e0 anche un incontro sulle modalit\u00e0 della prova propedeutica scritta di lingua tedesca . Si chiede perci\u00f2&#8230;<\/p>\n","protected":false},"author":14,"featured_media":0,"comment_status":"closed","ping_status":"open","sticky":false,"template":"","format":"standard","meta":[],"categories":[17],"tags":[],"_links":{"self":[{"href":"https:\/\/cla.unipv.it\/index.php?rest_route=\/wp\/v2\/posts\/50811"}],"collection":[{"href":"https:\/\/cla.unipv.it\/index.php?rest_route=\/wp\/v2\/posts"}],"about":[{"href":"https:\/\/cla.unipv.it\/index.php?rest_route=\/wp\/v2\/types\/post"}],"author":[{"embeddable":true,"href":"https:\/\/cla.unipv.it\/index.php?rest_route=\/wp\/v2\/users\/14"}],"replies":[{"embeddable":true,"href":"https:\/\/cla.unipv.it\/index.php?rest_route=%2Fwp%2Fv2%2Fcomments&post=50811"}],"version-history":[{"count":1,"href":"https:\/\/cla.unipv.it\/index.php?rest_route=\/wp\/v2\/posts\/50811\/revisions"}],"predecessor-version":[{"id":50812,"href":"https:\/\/cla.unipv.it\/index.php?rest_route=\/wp\/v2\/posts\/50811\/revisions\/50812"}],"wp:attachment":[{"href":"https:\/\/cla.unipv.it\/index.php?rest_route=%2Fwp%2Fv2%2Fmedia&parent=50811"}],"wp:term":[{"taxonomy":"category","embeddable":true,"href":"https:\/\/cla.unipv.it\/index.php?rest_route=%2Fwp%2Fv2%2Fcategories&post=50811"},{"taxonomy":"post_tag","embeddable":true,"href":"https:\/\/cla.unipv.it\/index.php?rest_route=%2Fwp%2Fv2%2Ftags&post=50811"}],"curies":[{"name":"wp","href":"https:\/\/api.w.org\/{rel}","templated":true}]}}