{"id":50803,"date":"2016-02-25T13:13:35","date_gmt":"2016-02-25T12:13:35","guid":{"rendered":"http:\/\/cla.unipv.it\/?p=50803"},"modified":"2016-02-25T13:13:35","modified_gmt":"2016-02-25T12:13:35","slug":"50803","status":"publish","type":"post","link":"https:\/\/cla.unipv.it\/?p=50803","title":{"rendered":""},"content":{"rendered":"<h3>AVVISO Dott.ssa A. Berndt<\/h3>\n<p>DIPARTIMENTO DI STUDI UMANISTICI<br \/>\nCorso di Laurea in Lingue e Culture Moderne<br \/>\nAttivit\u00e0 CEL di <b> LINGUA TEDESCA 1 <\/b><br \/>\n2\u00b0 semestre <\/p>\n<p>Si avvisano gli studenti che l&#8217;attivit\u00e0 didattica integrativa in aula del corso Ted.IA+\/IB Kompetenz, a partire dal 1 marzo e fino al 12 aprile, si svolger\u00e0 marted\u00ec 14-16 (aula Archeologia) e non pi\u00f9 di mercoled\u00ec dalle 16-18.<\/p>\n<p>L&#8217;orario del 4\u00b0 trimestre sar\u00e0 comunicato tempestivamente.<\/p>\n<p>A. Berndt<\/p>\n","protected":false},"excerpt":{"rendered":"<p>AVVISO Dott.ssa A. Berndt DIPARTIMENTO DI STUDI UMANISTICI Corso di Laurea in Lingue e Culture Moderne Attivit\u00e0 CEL di LINGUA TEDESCA 1 2\u00b0 semestre Si avvisano gli studenti che l&#8217;attivit\u00e0 didattica integrativa in aula del corso Ted.IA+\/IB Kompetenz, a partire dal 1 marzo e fino al 12 aprile, si svolger\u00e0 marted\u00ec 14-16 (aula Archeologia) e&#8230;<\/p>\n","protected":false},"author":14,"featured_media":0,"comment_status":"closed","ping_status":"open","sticky":false,"template":"","format":"standard","meta":[],"categories":[17],"tags":[],"_links":{"self":[{"href":"https:\/\/cla.unipv.it\/index.php?rest_route=\/wp\/v2\/posts\/50803"}],"collection":[{"href":"https:\/\/cla.unipv.it\/index.php?rest_route=\/wp\/v2\/posts"}],"about":[{"href":"https:\/\/cla.unipv.it\/index.php?rest_route=\/wp\/v2\/types\/post"}],"author":[{"embeddable":true,"href":"https:\/\/cla.unipv.it\/index.php?rest_route=\/wp\/v2\/users\/14"}],"replies":[{"embeddable":true,"href":"https:\/\/cla.unipv.it\/index.php?rest_route=%2Fwp%2Fv2%2Fcomments&post=50803"}],"version-history":[{"count":1,"href":"https:\/\/cla.unipv.it\/index.php?rest_route=\/wp\/v2\/posts\/50803\/revisions"}],"predecessor-version":[{"id":50804,"href":"https:\/\/cla.unipv.it\/index.php?rest_route=\/wp\/v2\/posts\/50803\/revisions\/50804"}],"wp:attachment":[{"href":"https:\/\/cla.unipv.it\/index.php?rest_route=%2Fwp%2Fv2%2Fmedia&parent=50803"}],"wp:term":[{"taxonomy":"category","embeddable":true,"href":"https:\/\/cla.unipv.it\/index.php?rest_route=%2Fwp%2Fv2%2Fcategories&post=50803"},{"taxonomy":"post_tag","embeddable":true,"href":"https:\/\/cla.unipv.it\/index.php?rest_route=%2Fwp%2Fv2%2Ftags&post=50803"}],"curies":[{"name":"wp","href":"https:\/\/api.w.org\/{rel}","templated":true}]}}