{"id":50609,"date":"2015-12-03T13:49:08","date_gmt":"2015-12-03T12:49:08","guid":{"rendered":"http:\/\/cla.unipv.it\/?p=50609"},"modified":"2015-12-03T13:49:08","modified_gmt":"2015-12-03T12:49:08","slug":"50609","status":"publish","type":"post","link":"https:\/\/cla.unipv.it\/?p=50609","title":{"rendered":""},"content":{"rendered":"<h3>AVVISO Dott.ssa H. Fremdling<\/h3>\n<p>DIPARTIMENTO DI STUDI UMANISTICI<br \/>\nCorso di Laurea Magistrale in Linguistica teorica, applicata e delle lingue moderne<br \/>\nAttivit\u00e0 CEL di <b> LINGUA TEDESCA 1 <\/b><br \/>\n1\u00b0 semestre <\/p>\n<p>Si avvisano gli studenti che l&#8217;attivit\u00e0 didattica integrativa in aula &#8221; Wissenschaftliches Schreiben und \u00dcbersetzen&#8221; oltre a marted\u00ec 15.12.2015 (ore 14-16, aula Marconi 2) si svolger\u00e0 anche nelle date seguenti:<br \/>\n\u2013 luned\u00ec, 14\/12\/2015, ore 9-11 (aula L5, San Tommaso) e ore 16-18 (aula CL3)<br \/>\n\u2013 marted\u00ec, 15\/12\/2015, ore 16-18 (aula Marconi 2)<br \/>\n\u2013 mercoled\u00ec, 16\/12\/2015, ore 9 -11 (aula CIM, San Tommaso) e ore 14-16 (aula CL 2)<\/p>\n","protected":false},"excerpt":{"rendered":"<p>AVVISO Dott.ssa H. Fremdling DIPARTIMENTO DI STUDI UMANISTICI Corso di Laurea Magistrale in Linguistica teorica, applicata e delle lingue moderne Attivit\u00e0 CEL di LINGUA TEDESCA 1 1\u00b0 semestre Si avvisano gli studenti che l&#8217;attivit\u00e0 didattica integrativa in aula &#8221; Wissenschaftliches Schreiben und \u00dcbersetzen&#8221; oltre a marted\u00ec 15.12.2015 (ore 14-16, aula Marconi 2) si svolger\u00e0 anche&#8230;<\/p>\n","protected":false},"author":14,"featured_media":0,"comment_status":"closed","ping_status":"open","sticky":false,"template":"","format":"standard","meta":[],"categories":[17],"tags":[],"_links":{"self":[{"href":"https:\/\/cla.unipv.it\/index.php?rest_route=\/wp\/v2\/posts\/50609"}],"collection":[{"href":"https:\/\/cla.unipv.it\/index.php?rest_route=\/wp\/v2\/posts"}],"about":[{"href":"https:\/\/cla.unipv.it\/index.php?rest_route=\/wp\/v2\/types\/post"}],"author":[{"embeddable":true,"href":"https:\/\/cla.unipv.it\/index.php?rest_route=\/wp\/v2\/users\/14"}],"replies":[{"embeddable":true,"href":"https:\/\/cla.unipv.it\/index.php?rest_route=%2Fwp%2Fv2%2Fcomments&post=50609"}],"version-history":[{"count":1,"href":"https:\/\/cla.unipv.it\/index.php?rest_route=\/wp\/v2\/posts\/50609\/revisions"}],"predecessor-version":[{"id":50610,"href":"https:\/\/cla.unipv.it\/index.php?rest_route=\/wp\/v2\/posts\/50609\/revisions\/50610"}],"wp:attachment":[{"href":"https:\/\/cla.unipv.it\/index.php?rest_route=%2Fwp%2Fv2%2Fmedia&parent=50609"}],"wp:term":[{"taxonomy":"category","embeddable":true,"href":"https:\/\/cla.unipv.it\/index.php?rest_route=%2Fwp%2Fv2%2Fcategories&post=50609"},{"taxonomy":"post_tag","embeddable":true,"href":"https:\/\/cla.unipv.it\/index.php?rest_route=%2Fwp%2Fv2%2Ftags&post=50609"}],"curies":[{"name":"wp","href":"https:\/\/api.w.org\/{rel}","templated":true}]}}