{"id":50607,"date":"2015-12-02T14:26:14","date_gmt":"2015-12-02T13:26:14","guid":{"rendered":"http:\/\/cla.unipv.it\/?p=50607"},"modified":"2015-12-02T14:26:14","modified_gmt":"2015-12-02T13:26:14","slug":"50607","status":"publish","type":"post","link":"https:\/\/cla.unipv.it\/?p=50607","title":{"rendered":""},"content":{"rendered":"<h3>AVVISO Dott.ssa V. Portevin<\/h3>\n<p>DIPARTIMENTO DI STUDI UMANISTICI<br \/>\nCorso di Laurea in Lingue e Culture Moderne<br \/>\nAttivit\u00e0 CEL di <b> LINGUA FRANCESE 2 <\/b><br \/>\n1\u00b0 semestre <\/p>\n<p>Si avvisano gli studenti che tutte le attivit\u00e0 La prova di Produzione Orale 2 di gioved\u00ec 3 dicembre si terr\u00e0 dalle 9 alle 11 in aula L4 e dalle 11 in poi in aula G3 sempre in San Tommaso.<br \/>\nLa prova di venerd\u00ec 4 dicembre si terr\u00e0 dalle 9 alle 13 in aula L4<\/p>\n","protected":false},"excerpt":{"rendered":"<p>AVVISO Dott.ssa V. Portevin DIPARTIMENTO DI STUDI UMANISTICI Corso di Laurea in Lingue e Culture Moderne Attivit\u00e0 CEL di LINGUA FRANCESE 2 1\u00b0 semestre Si avvisano gli studenti che tutte le attivit\u00e0 La prova di Produzione Orale 2 di gioved\u00ec 3 dicembre si terr\u00e0 dalle 9 alle 11 in aula L4 e dalle 11 in&#8230;<\/p>\n","protected":false},"author":14,"featured_media":0,"comment_status":"closed","ping_status":"open","sticky":false,"template":"","format":"standard","meta":[],"categories":[17],"tags":[],"_links":{"self":[{"href":"https:\/\/cla.unipv.it\/index.php?rest_route=\/wp\/v2\/posts\/50607"}],"collection":[{"href":"https:\/\/cla.unipv.it\/index.php?rest_route=\/wp\/v2\/posts"}],"about":[{"href":"https:\/\/cla.unipv.it\/index.php?rest_route=\/wp\/v2\/types\/post"}],"author":[{"embeddable":true,"href":"https:\/\/cla.unipv.it\/index.php?rest_route=\/wp\/v2\/users\/14"}],"replies":[{"embeddable":true,"href":"https:\/\/cla.unipv.it\/index.php?rest_route=%2Fwp%2Fv2%2Fcomments&post=50607"}],"version-history":[{"count":1,"href":"https:\/\/cla.unipv.it\/index.php?rest_route=\/wp\/v2\/posts\/50607\/revisions"}],"predecessor-version":[{"id":50608,"href":"https:\/\/cla.unipv.it\/index.php?rest_route=\/wp\/v2\/posts\/50607\/revisions\/50608"}],"wp:attachment":[{"href":"https:\/\/cla.unipv.it\/index.php?rest_route=%2Fwp%2Fv2%2Fmedia&parent=50607"}],"wp:term":[{"taxonomy":"category","embeddable":true,"href":"https:\/\/cla.unipv.it\/index.php?rest_route=%2Fwp%2Fv2%2Fcategories&post=50607"},{"taxonomy":"post_tag","embeddable":true,"href":"https:\/\/cla.unipv.it\/index.php?rest_route=%2Fwp%2Fv2%2Ftags&post=50607"}],"curies":[{"name":"wp","href":"https:\/\/api.w.org\/{rel}","templated":true}]}}