{"id":50591,"date":"2015-11-26T11:20:35","date_gmt":"2015-11-26T10:20:35","guid":{"rendered":"http:\/\/cla.unipv.it\/?p=50591"},"modified":"2015-11-26T11:20:35","modified_gmt":"2015-11-26T10:20:35","slug":"50591","status":"publish","type":"post","link":"https:\/\/cla.unipv.it\/?p=50591","title":{"rendered":""},"content":{"rendered":"<h3>AVVISO Dott.ssa A. Berndt<\/h3>\n<p>DIPARTIMENTO DI STUDI UMANISTICI<br \/>\nCorso di Laurea in Lingue e Culture Moderne<br \/>\nAttivit\u00e0 CEL di <b> LINGUA TEDESCA 2 <\/b><br \/>\n1\u00b0 semestre <\/p>\n<p>Si avvisano gli studenti che l&#8217;attivit\u00e0 didattica integrativa di recupero di Ted.IIA GRUPPO 1 si svolger\u00e0 nelle date seguenti: <\/p>\n<p>&#8211; marted\u00ec, 01\/12\/2015, ore 11-13 (aula CL3)<br \/>\n&#8211; gioved\u00ec, 03\/12\/2015, ore 9-11 (aula CL3)<br \/>\n&#8211; gioved\u00ec, 10\/12\/2015, ore 9-11 (aula CL3)<br \/>\n&#8211; gioved\u00ec, 10\/12\/2015, ore 11-13 (aula CL3)<\/p>\n","protected":false},"excerpt":{"rendered":"<p>AVVISO Dott.ssa A. Berndt DIPARTIMENTO DI STUDI UMANISTICI Corso di Laurea in Lingue e Culture Moderne Attivit\u00e0 CEL di LINGUA TEDESCA 2 1\u00b0 semestre Si avvisano gli studenti che l&#8217;attivit\u00e0 didattica integrativa di recupero di Ted.IIA GRUPPO 1 si svolger\u00e0 nelle date seguenti: &#8211; marted\u00ec, 01\/12\/2015, ore 11-13 (aula CL3) &#8211; gioved\u00ec, 03\/12\/2015, ore 9-11&#8230;<\/p>\n","protected":false},"author":14,"featured_media":0,"comment_status":"closed","ping_status":"open","sticky":false,"template":"","format":"standard","meta":[],"categories":[17],"tags":[],"_links":{"self":[{"href":"https:\/\/cla.unipv.it\/index.php?rest_route=\/wp\/v2\/posts\/50591"}],"collection":[{"href":"https:\/\/cla.unipv.it\/index.php?rest_route=\/wp\/v2\/posts"}],"about":[{"href":"https:\/\/cla.unipv.it\/index.php?rest_route=\/wp\/v2\/types\/post"}],"author":[{"embeddable":true,"href":"https:\/\/cla.unipv.it\/index.php?rest_route=\/wp\/v2\/users\/14"}],"replies":[{"embeddable":true,"href":"https:\/\/cla.unipv.it\/index.php?rest_route=%2Fwp%2Fv2%2Fcomments&post=50591"}],"version-history":[{"count":1,"href":"https:\/\/cla.unipv.it\/index.php?rest_route=\/wp\/v2\/posts\/50591\/revisions"}],"predecessor-version":[{"id":50592,"href":"https:\/\/cla.unipv.it\/index.php?rest_route=\/wp\/v2\/posts\/50591\/revisions\/50592"}],"wp:attachment":[{"href":"https:\/\/cla.unipv.it\/index.php?rest_route=%2Fwp%2Fv2%2Fmedia&parent=50591"}],"wp:term":[{"taxonomy":"category","embeddable":true,"href":"https:\/\/cla.unipv.it\/index.php?rest_route=%2Fwp%2Fv2%2Fcategories&post=50591"},{"taxonomy":"post_tag","embeddable":true,"href":"https:\/\/cla.unipv.it\/index.php?rest_route=%2Fwp%2Fv2%2Ftags&post=50591"}],"curies":[{"name":"wp","href":"https:\/\/api.w.org\/{rel}","templated":true}]}}