{"id":50585,"date":"2015-11-24T18:20:57","date_gmt":"2015-11-24T17:20:57","guid":{"rendered":"http:\/\/cla.unipv.it\/?p=50585"},"modified":"2015-11-24T18:20:57","modified_gmt":"2015-11-24T17:20:57","slug":"50585","status":"publish","type":"post","link":"https:\/\/cla.unipv.it\/?p=50585","title":{"rendered":""},"content":{"rendered":"<h3>AVVISO Dott. D. Harlos<\/h3>\n<p>DIPARTIMENTO DI STUDI UMANISTICI<br \/>\nCorso di Laurea in Lingue e Culture Moderne<br \/>\nAttivit\u00e0 CEL di <b> LINGUA TEDESCA 1 <\/b><br \/>\n1\u00b0 semestre <\/p>\n<p>Si avvisano gli studenti che tutte le attivit\u00e0 di venerd\u00ec 27 novembre 2015 sono sospese.<\/p>\n<p>L&#8217;attivit\u00e0 didattica integrativa in aula sar\u00e0 recuperata come segue:<\/p>\n<p>Tedesco I, gruppo 2<br \/>\nluned\u00ec 30 novembre 2015, ore 11 &#8211; 13, aula CL3<br \/>\nvenerd\u00ec 4 dicembre 2015, ore 9 &#8211; 11, aula III<\/p>\n<p>Tedesco I, gruppo 4<br \/>\nluned\u00ec 30 novembre 2015, ore 14 &#8211; 16, aula CL3<br \/>\nvenerd\u00ec 4 dicembre 2015, ore 11 &#8211; 13, AMS<\/p>\n","protected":false},"excerpt":{"rendered":"<p>AVVISO Dott. D. Harlos DIPARTIMENTO DI STUDI UMANISTICI Corso di Laurea in Lingue e Culture Moderne Attivit\u00e0 CEL di LINGUA TEDESCA 1 1\u00b0 semestre Si avvisano gli studenti che tutte le attivit\u00e0 di venerd\u00ec 27 novembre 2015 sono sospese. L&#8217;attivit\u00e0 didattica integrativa in aula sar\u00e0 recuperata come segue: Tedesco I, gruppo 2 luned\u00ec 30 novembre&#8230;<\/p>\n","protected":false},"author":14,"featured_media":0,"comment_status":"closed","ping_status":"open","sticky":false,"template":"","format":"standard","meta":[],"categories":[17],"tags":[],"_links":{"self":[{"href":"https:\/\/cla.unipv.it\/index.php?rest_route=\/wp\/v2\/posts\/50585"}],"collection":[{"href":"https:\/\/cla.unipv.it\/index.php?rest_route=\/wp\/v2\/posts"}],"about":[{"href":"https:\/\/cla.unipv.it\/index.php?rest_route=\/wp\/v2\/types\/post"}],"author":[{"embeddable":true,"href":"https:\/\/cla.unipv.it\/index.php?rest_route=\/wp\/v2\/users\/14"}],"replies":[{"embeddable":true,"href":"https:\/\/cla.unipv.it\/index.php?rest_route=%2Fwp%2Fv2%2Fcomments&post=50585"}],"version-history":[{"count":1,"href":"https:\/\/cla.unipv.it\/index.php?rest_route=\/wp\/v2\/posts\/50585\/revisions"}],"predecessor-version":[{"id":50586,"href":"https:\/\/cla.unipv.it\/index.php?rest_route=\/wp\/v2\/posts\/50585\/revisions\/50586"}],"wp:attachment":[{"href":"https:\/\/cla.unipv.it\/index.php?rest_route=%2Fwp%2Fv2%2Fmedia&parent=50585"}],"wp:term":[{"taxonomy":"category","embeddable":true,"href":"https:\/\/cla.unipv.it\/index.php?rest_route=%2Fwp%2Fv2%2Fcategories&post=50585"},{"taxonomy":"post_tag","embeddable":true,"href":"https:\/\/cla.unipv.it\/index.php?rest_route=%2Fwp%2Fv2%2Ftags&post=50585"}],"curies":[{"name":"wp","href":"https:\/\/api.w.org\/{rel}","templated":true}]}}